{"@context":"https:\/\/schema.org\/","@type":"CollectionPage","@id":"https:\/\/www.marienbad-thc.cz\/zbozi\/#CollectionPage","headline":"Zbo\u017e\u00ed Category","description":"","url":"https:\/\/www.marienbad-thc.cz\/zbozi\/","hasPart":[{"@type":"Article","@id":"https:\/\/www.marienbad-thc.cz\/poteste-vase-starsi-deti-sedacim-vakem\/","headline":"Pot\u011b\u0161te va\u0161e star\u0161\u00ed d\u011bti sedac\u00edm vakem","url":"https:\/\/www.marienbad-thc.cz\/poteste-vase-starsi-deti-sedacim-vakem\/","datePublished":"2019-09-05","dateModified":"2023-04-28","mainEntityOfPage":"https:\/\/www.marienbad-thc.cz\/poteste-vase-starsi-deti-sedacim-vakem\/","author":{"@type":"Person","@id":"https:\/\/www.marienbad-thc.cz\/author\/#Person","name":"marienbad-thc.cz\n","url":"https:\/\/www.marienbad-thc.cz\/author\/","identifier":1,"image":{"@type":"ImageObject","@id":"https:\/\/secure.gravatar.com\/avatar\/c61c2d82e330ff9c70cf023b4c62d411e8407bcb38f85df591fa270717754b44?s=96&d=mm&r=g","url":"https:\/\/secure.gravatar.com\/avatar\/c61c2d82e330ff9c70cf023b4c62d411e8407bcb38f85df591fa270717754b44?s=96&d=mm&r=g","height":96,"width":96}},"publisher":{"@type":"Organization","name":"marienbad-thc.cz","logo":{"@type":"ImageObject","@id":"\/logo.png","url":"\/logo.png","width":600,"height":60}},"image":{"@type":"ImageObject","@id":"https:\/\/www.marienbad-thc.cz\/wp-content\/uploads\/img_a360268_w1939_t1574086846.jpg","url":"https:\/\/www.marienbad-thc.cz\/wp-content\/uploads\/img_a360268_w1939_t1574086846.jpg","height":0,"width":0},"keywords":null},{"@type":"Article","@id":"https:\/\/www.marienbad-thc.cz\/do-detskeho-pokoje-patri-nabytek-z-masivu\/","headline":"Do d\u011btsk\u00e9ho pokoje pat\u0159\u00ed n\u00e1bytek z masivu","url":"https:\/\/www.marienbad-thc.cz\/do-detskeho-pokoje-patri-nabytek-z-masivu\/","datePublished":"2019-08-25","dateModified":"2023-10-10","mainEntityOfPage":"https:\/\/www.marienbad-thc.cz\/do-detskeho-pokoje-patri-nabytek-z-masivu\/","author":{"@type":"Person","@id":"https:\/\/www.marienbad-thc.cz\/author\/#Person","name":"marienbad-thc.cz\n","url":"https:\/\/www.marienbad-thc.cz\/author\/","identifier":1,"image":{"@type":"ImageObject","@id":"https:\/\/secure.gravatar.com\/avatar\/c61c2d82e330ff9c70cf023b4c62d411e8407bcb38f85df591fa270717754b44?s=96&d=mm&r=g","url":"https:\/\/secure.gravatar.com\/avatar\/c61c2d82e330ff9c70cf023b4c62d411e8407bcb38f85df591fa270717754b44?s=96&d=mm&r=g","height":96,"width":96}},"publisher":{"@type":"Organization","name":"marienbad-thc.cz","logo":{"@type":"ImageObject","@id":"\/logo.png","url":"\/logo.png","width":600,"height":60}},"image":{"@type":"ImageObject","@id":"https:\/\/www.marienbad-thc.cz\/wp-content\/uploads\/img_a358968_w1939_t1573140337.jpg","url":"https:\/\/www.marienbad-thc.cz\/wp-content\/uploads\/img_a358968_w1939_t1573140337.jpg","height":0,"width":0},"keywords":null},{"@type":"Article","@id":"https:\/\/www.marienbad-thc.cz\/dodejte-interieru-eleganci-se-sklenenym-zabradlim\/","headline":"Dodejte interi\u00e9ru eleganci se sklen\u011bn\u00fdm z\u00e1bradl\u00edm","url":"https:\/\/www.marienbad-thc.cz\/dodejte-interieru-eleganci-se-sklenenym-zabradlim\/","datePublished":"2019-08-25","dateModified":"2023-04-28","mainEntityOfPage":"https:\/\/www.marienbad-thc.cz\/dodejte-interieru-eleganci-se-sklenenym-zabradlim\/","author":{"@type":"Person","@id":"https:\/\/www.marienbad-thc.cz\/author\/#Person","name":"marienbad-thc.cz\n","url":"https:\/\/www.marienbad-thc.cz\/author\/","identifier":1,"image":{"@type":"ImageObject","@id":"https:\/\/secure.gravatar.com\/avatar\/c61c2d82e330ff9c70cf023b4c62d411e8407bcb38f85df591fa270717754b44?s=96&d=mm&r=g","url":"https:\/\/secure.gravatar.com\/avatar\/c61c2d82e330ff9c70cf023b4c62d411e8407bcb38f85df591fa270717754b44?s=96&d=mm&r=g","height":96,"width":96}},"publisher":{"@type":"Organization","name":"marienbad-thc.cz","logo":{"@type":"ImageObject","@id":"\/logo.png","url":"\/logo.png","width":600,"height":60}},"image":{"@type":"ImageObject","@id":"https:\/\/www.marienbad-thc.cz\/wp-content\/uploads\/img_a363825_w1939_t1576519945.jpg","url":"https:\/\/www.marienbad-thc.cz\/wp-content\/uploads\/img_a363825_w1939_t1576519945.jpg","height":0,"width":0},"keywords":null},{"@type":"Article","@id":"https:\/\/www.marienbad-thc.cz\/vhodny-zpusob-jak-si-zvetsit-bydleni\/","headline":"Vhodn\u00fd zp\u016fsob, jak si zv\u011bt\u0161it bydlen\u00ed","url":"https:\/\/www.marienbad-thc.cz\/vhodny-zpusob-jak-si-zvetsit-bydleni\/","datePublished":"2019-08-16","dateModified":"2023-04-28","mainEntityOfPage":"https:\/\/www.marienbad-thc.cz\/vhodny-zpusob-jak-si-zvetsit-bydleni\/","author":{"@type":"Person","@id":"https:\/\/www.marienbad-thc.cz\/author\/#Person","name":"marienbad-thc.cz\n","url":"https:\/\/www.marienbad-thc.cz\/author\/","identifier":1,"image":{"@type":"ImageObject","@id":"https:\/\/secure.gravatar.com\/avatar\/c61c2d82e330ff9c70cf023b4c62d411e8407bcb38f85df591fa270717754b44?s=96&d=mm&r=g","url":"https:\/\/secure.gravatar.com\/avatar\/c61c2d82e330ff9c70cf023b4c62d411e8407bcb38f85df591fa270717754b44?s=96&d=mm&r=g","height":96,"width":96}},"publisher":{"@type":"Organization","name":"marienbad-thc.cz","logo":{"@type":"ImageObject","@id":"\/logo.png","url":"\/logo.png","width":600,"height":60}},"image":{"@type":"ImageObject","@id":"https:\/\/www.marienbad-thc.cz\/wp-content\/uploads\/img_a364071_w1939_t1576758078.jpg","url":"https:\/\/www.marienbad-thc.cz\/wp-content\/uploads\/img_a364071_w1939_t1576758078.jpg","height":0,"width":0},"keywords":null},{"@type":"Article","@id":"https:\/\/www.marienbad-thc.cz\/jak-si-chystat-kazde-jidlo-na-den\/","headline":"Jak si chystat ka\u017ed\u00e9 j\u00eddlo na den","url":"https:\/\/www.marienbad-thc.cz\/jak-si-chystat-kazde-jidlo-na-den\/","datePublished":"2019-08-03","dateModified":"2023-04-28","mainEntityOfPage":"https:\/\/www.marienbad-thc.cz\/jak-si-chystat-kazde-jidlo-na-den\/","author":{"@type":"Person","@id":"https:\/\/www.marienbad-thc.cz\/author\/#Person","name":"marienbad-thc.cz\n","url":"https:\/\/www.marienbad-thc.cz\/author\/","identifier":1,"image":{"@type":"ImageObject","@id":"https:\/\/secure.gravatar.com\/avatar\/c61c2d82e330ff9c70cf023b4c62d411e8407bcb38f85df591fa270717754b44?s=96&d=mm&r=g","url":"https:\/\/secure.gravatar.com\/avatar\/c61c2d82e330ff9c70cf023b4c62d411e8407bcb38f85df591fa270717754b44?s=96&d=mm&r=g","height":96,"width":96}},"publisher":{"@type":"Organization","name":"marienbad-thc.cz","logo":{"@type":"ImageObject","@id":"\/logo.png","url":"\/logo.png","width":600,"height":60}},"image":{"@type":"ImageObject","@id":"https:\/\/www.marienbad-thc.cz\/wp-content\/uploads\/img_a358871_w1939_t1573063357.jpg","url":"https:\/\/www.marienbad-thc.cz\/wp-content\/uploads\/img_a358871_w1939_t1573063357.jpg","height":0,"width":0},"keywords":null},{"@type":"Article","@id":"https:\/\/www.marienbad-thc.cz\/zacnete-bazen-cistit-efektivne\/","headline":"Za\u010dn\u011bte baz\u00e9n \u010distit efektivn\u011b","url":"https:\/\/www.marienbad-thc.cz\/zacnete-bazen-cistit-efektivne\/","datePublished":"2019-07-07","dateModified":"2023-10-05","mainEntityOfPage":"https:\/\/www.marienbad-thc.cz\/zacnete-bazen-cistit-efektivne\/","author":{"@type":"Person","@id":"https:\/\/www.marienbad-thc.cz\/author\/#Person","name":"marienbad-thc.cz\n","url":"https:\/\/www.marienbad-thc.cz\/author\/","identifier":1,"image":{"@type":"ImageObject","@id":"https:\/\/secure.gravatar.com\/avatar\/c61c2d82e330ff9c70cf023b4c62d411e8407bcb38f85df591fa270717754b44?s=96&d=mm&r=g","url":"https:\/\/secure.gravatar.com\/avatar\/c61c2d82e330ff9c70cf023b4c62d411e8407bcb38f85df591fa270717754b44?s=96&d=mm&r=g","height":96,"width":96}},"publisher":{"@type":"Organization","name":"marienbad-thc.cz","logo":{"@type":"ImageObject","@id":"\/logo.png","url":"\/logo.png","width":600,"height":60}},"image":{"@type":"ImageObject","@id":"https:\/\/www.marienbad-thc.cz\/wp-content\/uploads\/img_a353681_w1939_t1568179325.jpg","url":"https:\/\/www.marienbad-thc.cz\/wp-content\/uploads\/img_a353681_w1939_t1568179325.jpg","height":0,"width":0},"keywords":null},{"@type":"Article","@id":"https:\/\/www.marienbad-thc.cz\/deti-maji-rady-jednoduchost-a-ucelnost\/","headline":"D\u011bti maj\u00ed r\u00e1dy jednoduchost a \u00fa\u010delnost","url":"https:\/\/www.marienbad-thc.cz\/deti-maji-rady-jednoduchost-a-ucelnost\/","datePublished":"2019-05-20","dateModified":"2023-04-28","mainEntityOfPage":"https:\/\/www.marienbad-thc.cz\/deti-maji-rady-jednoduchost-a-ucelnost\/","author":{"@type":"Person","@id":"https:\/\/www.marienbad-thc.cz\/author\/#Person","name":"marienbad-thc.cz\n","url":"https:\/\/www.marienbad-thc.cz\/author\/","identifier":1,"image":{"@type":"ImageObject","@id":"https:\/\/secure.gravatar.com\/avatar\/c61c2d82e330ff9c70cf023b4c62d411e8407bcb38f85df591fa270717754b44?s=96&d=mm&r=g","url":"https:\/\/secure.gravatar.com\/avatar\/c61c2d82e330ff9c70cf023b4c62d411e8407bcb38f85df591fa270717754b44?s=96&d=mm&r=g","height":96,"width":96}},"publisher":{"@type":"Organization","name":"marienbad-thc.cz","logo":{"@type":"ImageObject","@id":"\/logo.png","url":"\/logo.png","width":600,"height":60}},"image":{"@type":"ImageObject","@id":"https:\/\/www.marienbad-thc.cz\/wp-content\/uploads\/img_a356758_w1939_t1571377970.jpg","url":"https:\/\/www.marienbad-thc.cz\/wp-content\/uploads\/img_a356758_w1939_t1571377970.jpg","height":0,"width":0},"keywords":null},{"@type":"Article","@id":"https:\/\/www.marienbad-thc.cz\/nad-reklamou-premyslejte\/","headline":"Nad reklamou p\u0159em\u00fd\u0161lejte","url":"https:\/\/www.marienbad-thc.cz\/nad-reklamou-premyslejte\/","datePublished":"2019-01-26","dateModified":"2023-04-28","mainEntityOfPage":"https:\/\/www.marienbad-thc.cz\/nad-reklamou-premyslejte\/","author":{"@type":"Person","@id":"https:\/\/www.marienbad-thc.cz\/author\/#Person","name":"marienbad-thc.cz\n","url":"https:\/\/www.marienbad-thc.cz\/author\/","identifier":1,"image":{"@type":"ImageObject","@id":"https:\/\/secure.gravatar.com\/avatar\/c61c2d82e330ff9c70cf023b4c62d411e8407bcb38f85df591fa270717754b44?s=96&d=mm&r=g","url":"https:\/\/secure.gravatar.com\/avatar\/c61c2d82e330ff9c70cf023b4c62d411e8407bcb38f85df591fa270717754b44?s=96&d=mm&r=g","height":96,"width":96}},"publisher":{"@type":"Organization","name":"marienbad-thc.cz","logo":{"@type":"ImageObject","@id":"\/logo.png","url":"\/logo.png","width":600,"height":60}},"image":{"@type":"ImageObject","@id":"https:\/\/www.marienbad-thc.cz\/wp-content\/uploads\/img_a334000_w1939_t1547578559.jpg","url":"https:\/\/www.marienbad-thc.cz\/wp-content\/uploads\/img_a334000_w1939_t1547578559.jpg","height":0,"width":0},"keywords":null},{"@type":"Article","@id":"https:\/\/www.marienbad-thc.cz\/pohovka-nemusi-slouzit-jen-k-relaxaci\/","headline":"Pohovka nemus\u00ed slou\u017eit jen k relaxaci","url":"https:\/\/www.marienbad-thc.cz\/pohovka-nemusi-slouzit-jen-k-relaxaci\/","datePublished":"2018-06-22","dateModified":"2023-04-28","mainEntityOfPage":"https:\/\/www.marienbad-thc.cz\/pohovka-nemusi-slouzit-jen-k-relaxaci\/","author":{"@type":"Person","@id":"https:\/\/www.marienbad-thc.cz\/author\/#Person","name":"marienbad-thc.cz\n","url":"https:\/\/www.marienbad-thc.cz\/author\/","identifier":1,"image":{"@type":"ImageObject","@id":"https:\/\/secure.gravatar.com\/avatar\/c61c2d82e330ff9c70cf023b4c62d411e8407bcb38f85df591fa270717754b44?s=96&d=mm&r=g","url":"https:\/\/secure.gravatar.com\/avatar\/c61c2d82e330ff9c70cf023b4c62d411e8407bcb38f85df591fa270717754b44?s=96&d=mm&r=g","height":96,"width":96}},"publisher":{"@type":"Organization","name":"marienbad-thc.cz","logo":{"@type":"ImageObject","@id":"\/logo.png","url":"\/logo.png","width":600,"height":60}},"image":{"@type":"ImageObject","@id":"https:\/\/www.marienbad-thc.cz\/wp-content\/uploads\/img_a321517_w1939_t1532764475.jpg","url":"https:\/\/www.marienbad-thc.cz\/wp-content\/uploads\/img_a321517_w1939_t1532764475.jpg","height":0,"width":0},"keywords":null},{"@type":"Article","@id":"https:\/\/www.marienbad-thc.cz\/moderni-styl-vas-nadchne\/","headline":"Modern\u00ed styl V\u00e1s nadchne","url":"https:\/\/www.marienbad-thc.cz\/moderni-styl-vas-nadchne\/","datePublished":"2017-07-24","dateModified":"2023-04-28","mainEntityOfPage":"https:\/\/www.marienbad-thc.cz\/moderni-styl-vas-nadchne\/","author":{"@type":"Person","@id":"https:\/\/www.marienbad-thc.cz\/author\/#Person","name":"marienbad-thc.cz\n","url":"https:\/\/www.marienbad-thc.cz\/author\/","identifier":1,"image":{"@type":"ImageObject","@id":"https:\/\/secure.gravatar.com\/avatar\/c61c2d82e330ff9c70cf023b4c62d411e8407bcb38f85df591fa270717754b44?s=96&d=mm&r=g","url":"https:\/\/secure.gravatar.com\/avatar\/c61c2d82e330ff9c70cf023b4c62d411e8407bcb38f85df591fa270717754b44?s=96&d=mm&r=g","height":96,"width":96}},"publisher":{"@type":"Organization","name":"marienbad-thc.cz","logo":{"@type":"ImageObject","@id":"\/logo.png","url":"\/logo.png","width":600,"height":60}},"image":{"@type":"ImageObject","@id":"https:\/\/www.marienbad-thc.cz\/wp-content\/uploads\/img_a292353_w1939_t1504782349.jpg","url":"https:\/\/www.marienbad-thc.cz\/wp-content\/uploads\/img_a292353_w1939_t1504782349.jpg","height":0,"width":0},"keywords":null}]}