[{"@context":"https:\/\/schema.org\/","@type":"Article","@id":"https:\/\/www.marienbad-thc.cz\/vyberte-si-tu-spravnou-kabelku\/#Article","mainEntityOfPage":"https:\/\/www.marienbad-thc.cz\/vyberte-si-tu-spravnou-kabelku\/","headline":"Vyberte si tu spr\u00e1vnou kabelku!","name":"Vyberte si tu spr\u00e1vnou kabelku!","description":"\u017deny jist\u011b dob\u0159e v\u011bd\u00ed, \u017ee bez kabelky prost\u011b nejde \u017e\u00edt. Ka\u017ed\u00e1 z n\u00e1s pot\u0159ebuje hromadu v\u011bc\u00ed, bez kter\u00fdch se na ulici neobejde. Mobil, kl\u00ed\u010de, pen\u011b\u017eenku, lesk na rty, pudr, tv\u00e1\u0159enku, parf\u00e9m, gumi\u010dku do vlas\u016f, di\u00e1\u0159 a spoustu a spoustu dal\u0161\u00edch v\u011bc\u00ed. M\u00e1lokter\u00e1 \u017eena si v\u0161ak vysta\u010d\u00ed pouze s jednou kabelkou. V\u011bt\u0161ina z n\u00e1s jich prost\u011b [&hellip;]","datePublished":"2019-06-20","dateModified":"2023-04-28","author":{"@type":"Person","@id":"https:\/\/www.marienbad-thc.cz\/author\/#Person","name":"marienbad-thc.cz\n","url":"https:\/\/www.marienbad-thc.cz\/author\/","identifier":1,"image":{"@type":"ImageObject","@id":"https:\/\/secure.gravatar.com\/avatar\/c61c2d82e330ff9c70cf023b4c62d411e8407bcb38f85df591fa270717754b44?s=96&d=mm&r=g","url":"https:\/\/secure.gravatar.com\/avatar\/c61c2d82e330ff9c70cf023b4c62d411e8407bcb38f85df591fa270717754b44?s=96&d=mm&r=g","height":96,"width":96}},"publisher":{"@type":"Organization","name":"marienbad-thc.cz","logo":{"@type":"ImageObject","@id":"\/logo.png","url":"\/logo.png","width":600,"height":60}},"image":{"@type":"ImageObject","@id":"https:\/\/www.marienbad-thc.cz\/wp-content\/uploads\/img_a347022_w1939_t1561231414.jpg","url":"https:\/\/www.marienbad-thc.cz\/wp-content\/uploads\/img_a347022_w1939_t1561231414.jpg","height":0,"width":0},"url":"https:\/\/www.marienbad-thc.cz\/vyberte-si-tu-spravnou-kabelku\/","about":["M\u00f3da"],"wordCount":449,"articleBody":"\u017deny jist\u011b dob\u0159e v\u011bd\u00ed, \u017ee bez kabelky prost\u011b nejde \u017e\u00edt. Ka\u017ed\u00e1 z n\u00e1s pot\u0159ebuje hromadu v\u011bc\u00ed, bez kter\u00fdch se na ulici neobejde. Mobil, kl\u00ed\u010de, pen\u011b\u017eenku, lesk na rty, pudr, tv\u00e1\u0159enku, parf\u00e9m, gumi\u010dku do vlas\u016f, di\u00e1\u0159 a spoustu a spoustu dal\u0161\u00edch v\u011bc\u00ed. M\u00e1lokter\u00e1 \u017eena si v\u0161ak vysta\u010d\u00ed pouze s jednou kabelkou. V\u011bt\u0161ina z n\u00e1s jich prost\u011b pot\u0159ebuje hodn\u011b.Jak si v\u0161ak vybrat tu spr\u00e1vnou a vhodnou k aktu\u00e1ln\u00edmu modelu?\u2022\u00a0\u00a0\u00a0\u00a0\u00a0\u00a0\u00a0 VelikostI kdy\u017e v\u00edme, \u017ee bez kabelky to nejde, proto\u017ee v n\u00ed m\u00e1me spoustu v\u011bc\u00ed, v\u0161echny tak\u00e9 dob\u0159e v\u00edme, \u017ee n\u00e1m pr\u00e1v\u011b neslou\u017e\u00ed jen jako ta\u0161ka na v\u011bci, ale tak\u00e9 jako m\u00f3dn\u00ed dopln\u011bk. Pokud jste drobn\u00e1, jist\u011b se k v\u00e1m bude hodit sp\u00ed\u0161e men\u0161\u00ed a n\u011b\u017en\u011bj\u0161\u00ed kabelka, pokud jste kus \u017eensk\u00fd, jak se \u0159\u00edk\u00e1, m\u016f\u017eete si dovolit i kabelku v\u011bt\u0161\u00ed a robustn\u011bj\u0161\u00ed. Pokud se chyst\u00e1te na ples, ur\u010dit\u011b nem\u016f\u017eete j\u00edt s kabelkou, ve kter\u00e9 b\u011b\u017en\u011b nos\u00edte sv\u016fj notebook. Naopak, pokud jdete na jedn\u00e1n\u00ed, je jist\u011b vhodn\u00e9 m\u00edt sp\u00ed\u0161e kabelku v\u011bt\u0161\u00ed, do kter\u00e9 se v\u00e1m vejdou dokumenty.\u2022\u00a0\u00a0\u00a0\u00a0\u00a0\u00a0\u00a0 BarvaBarva by v\u017edy m\u011bla ladit s va\u0161\u00edm oble\u010den\u00edm. Rozhodn\u011b nen\u00ed vhodn\u00e9 m\u00edt na sob\u011b strakat\u00e9 v\u011bci a k tomu je\u0161t\u011b jinak strakatou kabelku. Stejn\u011b tak se nehod\u00ed k letn\u00edm sand\u00e1lk\u016fm velk\u00e1 typicky zimn\u00ed kabelka, kter\u00e1 byla hitem leto\u0161n\u00ed zimu. V\u017edy, kdy\u017e se obl\u00e9knete, vezm\u011bte si p\u0159ed zrcadlo i kabelku a pod\u00edvejte se, jestli se opravdu nejen barva, ale i tvar kabelky, hod\u00ed k celkov\u00e9mu modelu. D\u0159\u00edve platilo, \u017ee kabelka by m\u011bla ladit s botami a p\u00e1skem. V posledn\u00ed dob\u011b toto ji\u017e nen\u00ed tak nutn\u00e9, ale pokud nelad\u00ed takto, mus\u00ed kabelka ladit s n\u011bkterou viditelnou \u010d\u00e1st\u00ed va\u0161eho oble\u010den\u00ed.\u2022\u00a0\u00a0\u00a0\u00a0\u00a0\u00a0\u00a0 Zap\u00edn\u00e1n\u00ed a pou\u017e\u00edv\u00e1n\u00edPokud si vyb\u00edr\u00e1te novou kabelku pro b\u011b\u017en\u011bj\u0161\u00ed no\u0161en\u00ed a n\u011bjak\u00e1 v\u00e1m padne do oka, nejprve se ujist\u011bte, zda se v\u00e1m do n\u00ed vejdou v\u0161echny v\u011bci, kter\u00e9 pot\u0159ebujete v ta\u0161ce nosit. Vyzkou\u0161ejte si tak\u00e9 v\u017edycky, jak se v\u00e1m bude pou\u017e\u00edvat. Tedy jestli v\u00e1m vyhovuj\u00ed uvnit\u0159 kapsy a jejich rozlo\u017een\u00ed a nikdy nezapome\u0148te vyzkou\u0161et zap\u00edn\u00e1n\u00ed a rozep\u00edn\u00e1n\u00ed ta\u0161ky. Zkontrolujte tak\u00e9, zda jde ta\u0161ka zapnout \u00fapln\u011b, abyste minimalizovala chut\u011b kaps\u00e1\u0159\u016f na vyhm\u00e1tnut\u00ed jej\u00edho obsahu!                                                                                                                                                                                                                                                                                                                                                                                                "},{"@context":"https:\/\/schema.org\/","@type":"BreadcrumbList","itemListElement":[{"@type":"ListItem","position":1,"name":"Vyberte si tu spr\u00e1vnou kabelku!","item":"https:\/\/www.marienbad-thc.cz\/vyberte-si-tu-spravnou-kabelku\/#breadcrumbitem"}]}]