[{"@context":"https:\/\/schema.org\/","@type":"Article","@id":"https:\/\/www.marienbad-thc.cz\/vsechny-oslnite\/#Article","mainEntityOfPage":"https:\/\/www.marienbad-thc.cz\/vsechny-oslnite\/","headline":"V\u0161echny osln\u00edte","name":"V\u0161echny osln\u00edte","description":"Kdy\u017e dva d\u011blaj\u00ed tot\u00e9\u017e, nemus\u00ed to stejn\u011b dopadnout. A tak ani v\u0161echny nev\u011bsty nevypadaj\u00ed stejn\u011b. Rozd\u00edl nen\u00ed jenom v tom, \u017ee jejich svatebn\u00ed \u0161aty nemaj\u00ed stejn\u00fd st\u0159ih, ale rozd\u00edl je v tom, jak k jejich v\u00fdb\u011bru p\u0159istoupily. Lacin\u00e1 kr\u00e1sa to je takov\u00e9 pozl\u00e1tko, kter\u00e9 zd\u00e1lky osln\u00ed, ale zbl\u00edzka u\u017e to nen\u00ed ono. Vyb\u00edrat je dobr\u00e9 [&hellip;]","datePublished":"2023-07-28","dateModified":"2023-07-28","author":{"@type":"Person","@id":"https:\/\/www.marienbad-thc.cz\/author\/#Person","name":"marienbad-thc.cz\n","url":"https:\/\/www.marienbad-thc.cz\/author\/","identifier":1,"image":{"@type":"ImageObject","@id":"https:\/\/secure.gravatar.com\/avatar\/c61c2d82e330ff9c70cf023b4c62d411e8407bcb38f85df591fa270717754b44?s=96&d=mm&r=g","url":"https:\/\/secure.gravatar.com\/avatar\/c61c2d82e330ff9c70cf023b4c62d411e8407bcb38f85df591fa270717754b44?s=96&d=mm&r=g","height":96,"width":96}},"publisher":{"@type":"Organization","name":"marienbad-thc.cz","logo":{"@type":"ImageObject","@id":"\/logo.png","url":"\/logo.png","width":600,"height":60}},"url":"https:\/\/www.marienbad-thc.cz\/vsechny-oslnite\/","wordCount":290,"articleBody":"Kdy\u017e dva d\u011blaj\u00ed tot\u00e9\u017e, nemus\u00ed to stejn\u011b dopadnout. A tak ani v\u0161echny nev\u011bsty nevypadaj\u00ed stejn\u011b. Rozd\u00edl nen\u00ed jenom v tom, \u017ee jejich svatebn\u00ed \u0161aty nemaj\u00ed stejn\u00fd st\u0159ih, ale rozd\u00edl je v tom, jak k jejich v\u00fdb\u011bru p\u0159istoupily. Lacin\u00e1 kr\u00e1sa to je takov\u00e9 pozl\u00e1tko, kter\u00e9 zd\u00e1lky osln\u00ed, ale zbl\u00edzka u\u017e to nen\u00ed ono. Vyb\u00edrat je dobr\u00e9 jednak tam, kde je kvalitn\u00ed nab\u00eddka a tak\u00e9 tam, kde um\u00ed poradit. Poradit nap\u0159\u00edklad s t\u00edm, co se na v\u00e1\u0161 typ postavy hod\u00ed a \u010d\u00edm doc\u00edlit v\u00fdsledku, kter\u00fd bude naprosto osl\u0148uj\u00edc\u00ed. Je to p\u0159\u00edle\u017eitost nechat vyniknout kr\u00e1su \u017eensk\u00e9ho t\u011bla a dodat mu na p\u016fvabu a p\u0159\u00edjemn\u00e9 eleganci.Pomoc odborn\u00edk\u016fJestli chcete b\u00fdt za nev\u011bstu s velk\u00fdm \u201eN\u201c a jestli chcete m\u00edt sv\u016fj velk\u00fd den bez sebemen\u0161\u00ed vady na kr\u00e1se, tak si mus\u00edte se v\u0161\u00edm dob\u0159e poradit. Ale ne v\u0161echno mus\u00ed le\u017eet jen na va\u0161ich bedrech. Kdy\u017e svoje \u00fasil\u00ed o dota\u017een\u00ed v\u0161ech p\u0159edstav do zd\u00e1rn\u00e9ho konce spoj\u00edte se skute\u010dn\u00fdmi profesion\u00e1ly, takto mus\u00ed klapnout. Salon NUANCE je ta nejlep\u0161\u00ed volba. Tady jsou na nev\u011bsty a \u017eenichy perfektn\u011b p\u0159ipraveni. A nav\u00edc poskytuj\u00ed odbornou pomoc i v mnoha dal\u0161\u00edch z\u00e1le\u017eitostech. Nejsou to jenom va\u0161e svatebn\u00ed \u0161aty a oblek pro budouc\u00edho man\u017eela, ale tak\u00e9 nab\u00eddka neoby\u010dejn\u011b kreativn\u00edch snubn\u00edch prsten\u016f, st\u0159ev\u00ed\u010dk\u016f v\u00fdjime\u010dn\u00e9ho designu a obstar\u00e1n\u00ed vhodn\u00e9 dekorace. Ochota, vst\u0159\u00edcnost a spolehlivost to je \u00fa\u010dinn\u00fd l\u00e9k na va\u0161e pocuchan\u00e9 nervy.                                                                                                                                                                                                                                                                                                                                                                                                "},{"@context":"https:\/\/schema.org\/","@type":"BreadcrumbList","itemListElement":[{"@type":"ListItem","position":1,"name":"V\u0161echny osln\u00edte","item":"https:\/\/www.marienbad-thc.cz\/vsechny-oslnite\/#breadcrumbitem"}]}]