[{"@context":"https:\/\/schema.org\/","@type":"Article","@id":"https:\/\/www.marienbad-thc.cz\/velke-losiny-zazitek-pro-vsechny-generace\/#Article","mainEntityOfPage":"https:\/\/www.marienbad-thc.cz\/velke-losiny-zazitek-pro-vsechny-generace\/","headline":"Velk\u00e9 Losiny \u2013 z\u00e1\u017eitek pro v\u0161echny generace","name":"Velk\u00e9 Losiny \u2013 z\u00e1\u017eitek pro v\u0161echny generace","description":"Velk\u00e9 Losiny se nach\u00e1z\u00ed v Olomouck\u00e9m kraji a to konkr\u00e9tn\u011b v podh\u016f\u0159\u00ed Jesen\u00edku. Jsou zn\u00e1my hlavn\u011b d\u00edky zem\u011bd\u011blstv\u00ed a l\u00e1ze\u0148stv\u00ed. Je zde obrovsk\u00e9 mno\u017estv\u00ed pam\u011btihodnost\u00ed, kter\u00e9 byste ur\u010dit\u011b n\u011bkdy m\u011bli nav\u0161t\u00edvit. Velmi nav\u0161t\u011bvovan\u00fdm je nap\u0159\u00edklad p\u0159ekr\u00e1sn\u00fd z\u00e1mek, kter\u00fd je pova\u017eov\u00e1n za kulturn\u00ed pam\u00e1tku. D\u00e1le kaple svat\u00e9ho K\u0159\u00ed\u017ee, \u017eerot\u00ednsk\u00e1 s\u00fdpka, Socha sv. Jana Nepomuck\u00e9ho a mnoho [&hellip;]","datePublished":"2025-02-28","dateModified":"2023-04-28","author":{"@type":"Person","@id":"https:\/\/www.marienbad-thc.cz\/author\/#Person","name":"marienbad-thc.cz\n","url":"https:\/\/www.marienbad-thc.cz\/author\/","identifier":1,"image":{"@type":"ImageObject","@id":"https:\/\/secure.gravatar.com\/avatar\/c61c2d82e330ff9c70cf023b4c62d411e8407bcb38f85df591fa270717754b44?s=96&d=mm&r=g","url":"https:\/\/secure.gravatar.com\/avatar\/c61c2d82e330ff9c70cf023b4c62d411e8407bcb38f85df591fa270717754b44?s=96&d=mm&r=g","height":96,"width":96}},"publisher":{"@type":"Organization","name":"marienbad-thc.cz","logo":{"@type":"ImageObject","@id":"\/logo.png","url":"\/logo.png","width":600,"height":60}},"image":{"@type":"ImageObject","@id":"https:\/\/www.marienbad-thc.cz\/wp-content\/uploads\/img_a299123_w1939_t1509175810.jpg","url":"https:\/\/www.marienbad-thc.cz\/wp-content\/uploads\/img_a299123_w1939_t1509175810.jpg","height":0,"width":0},"url":"https:\/\/www.marienbad-thc.cz\/velke-losiny-zazitek-pro-vsechny-generace\/","about":["Kultura"],"wordCount":415,"articleBody":" Velk\u00e9 Losiny se nach\u00e1z\u00ed v Olomouck\u00e9m kraji a to konkr\u00e9tn\u011b v podh\u016f\u0159\u00ed Jesen\u00edku. Jsou zn\u00e1my hlavn\u011b d\u00edky zem\u011bd\u011blstv\u00ed a l\u00e1ze\u0148stv\u00ed. Je zde obrovsk\u00e9 mno\u017estv\u00ed pam\u011btihodnost\u00ed, kter\u00e9 byste ur\u010dit\u011b n\u011bkdy m\u011bli nav\u0161t\u00edvit. Velmi nav\u0161t\u011bvovan\u00fdm je nap\u0159\u00edklad p\u0159ekr\u00e1sn\u00fd z\u00e1mek, kter\u00fd je pova\u017eov\u00e1n za kulturn\u00ed pam\u00e1tku. D\u00e1le kaple svat\u00e9ho K\u0159\u00ed\u017ee, \u017eerot\u00ednsk\u00e1 s\u00fdpka, Socha sv. Jana Nepomuck\u00e9ho a mnoho dal\u0161\u00edch skv\u011bl\u00fdch m\u00edst. Hodn\u011b nav\u0161t\u011bvovan\u00fdm m\u00edstem jsou tak\u00e9 ru\u010dn\u00ed pap\u00edrny, na kter\u00e9 se dnes spole\u010dn\u011b pod\u00edv\u00e1me. Vznik pap\u00edren je datov\u00e1n do 16. stolet\u00ed. Jedn\u00e1 se o nejstar\u0161\u00ed pap\u00edrenskou manufakturu ve st\u0159edn\u00ed Evrop\u011b. Vyr\u00e1b\u00ed ru\u010dn\u00ed pap\u00edr pro celou Evropu i n\u011bkter\u00e9 americk\u00e9 z\u00e1kazn\u00edky. V are\u00e1lu m\u016f\u017eete nav\u0161t\u00edvit tak\u00e9 Muzeum pap\u00edru, prodejnu v\u00fdrobk\u016f nebo restauraci. Je pova\u017eov\u00e1na za n\u00e1rodn\u00ed kulturn\u00ed pam\u00e1tku a mo\u017en\u00e1 \u010dasem se bude jednat i o pam\u00e1tku UNESCO. Pokud byste cht\u011bli vid\u011bt v\u00fdrobu pap\u00edru na vlastn\u00ed o\u010di a u\u0161i, ur\u010dit\u011b si do tohoto m\u00edsta ud\u011blejte n\u011bjak\u00fd men\u0161\u00ed v\u00fdlet. Rod, kter\u00e9mu m\u016f\u017eeme b\u00fdt za pap\u00edrny vd\u011b\u010dn\u00ed se naz\u00fdv\u00e1 rod \u017derot\u00edn\u016f. Na samotn\u00e9 prohl\u00eddce m\u016f\u017eete vid\u011bt celou v\u00fdrobu pap\u00edru. Zjist\u00edte, \u017ee pap\u00edr se d\u00e1 vyrobit z bavlny a lnu. Nejedn\u00e1 se o b\u011b\u017en\u00fd pap\u00edr, kter\u00fd pou\u017e\u00edv\u00e1me my doma ale pap\u00edr, kter\u00fd se uplat\u0148uje p\u0159i v\u00fdtvarn\u00e9m um\u011bn\u00ed nebo kni\u017en\u00ed praxi. V\u00fdhodou je \u017ee je velmi kvalitn\u00ed a m\u00e1 velmi vysokou trvanlivost. Pod\u00edv\u00e1te se i do muzejn\u00ed expozice, kde se dozv\u00edte mnoho zaj\u00edmav\u00fdch informac\u00ed o historii. V\u00fdhodou je, \u017ee pap\u00edrny jsou p\u0159\u00edstupn\u00e9 po cel\u00fd rok, ale jen v dan\u00fdch dnech. Pokud byste zrovna v t\u011bchto dnech nemohli, je mo\u017en\u00e9 si domluvit term\u00edn. Cena za vstupn\u00e9 se pohybuje okolo 100,-, d\u011bti to maj\u00ed samoz\u0159ejm\u011b je\u0161t\u011b levn\u011bj\u0161\u00ed. Jestli\u017ee tedy nem\u00e1te dnes nic produktivn\u00edho na pr\u00e1ci, co takhle se zajet pod\u00edvat do pap\u00edren? Pokud byste se cht\u011bli dozv\u011bd\u011bt v\u00edce zaj\u00edmavost\u00ed, nev\u00e1hejte nav\u0161t\u00edvit .                                                                                                                                                                                                                                                                                                                                                                                                "},{"@context":"https:\/\/schema.org\/","@type":"BreadcrumbList","itemListElement":[{"@type":"ListItem","position":1,"name":"Velk\u00e9 Losiny \u2013 z\u00e1\u017eitek pro v\u0161echny generace","item":"https:\/\/www.marienbad-thc.cz\/velke-losiny-zazitek-pro-vsechny-generace\/#breadcrumbitem"}]}]