[{"@context":"https:\/\/schema.org\/","@type":"Article","@id":"https:\/\/www.marienbad-thc.cz\/stavba-nestavba\/#Article","mainEntityOfPage":"https:\/\/www.marienbad-thc.cz\/stavba-nestavba\/","headline":"Stavba \u2013 nestavba","name":"Stavba \u2013 nestavba","description":"Po prvotn\u00edch zmatc\u00edch a rozporupln\u00fdch stanovisc\u00edch bylo ujednoceno, \u017ee i ka\u017ed\u00fd obytn\u00fd mobiln\u00ed d\u016fm je obytnou stavbou ve smyslu z\u00e1kona, nicm\u00e9n\u011b na jeho instalaci se nevztahuj\u00ed v\u0161echna ustanoven\u00ed jako pro vznik klasick\u00fdch pevn\u00fdch staveb. Nen\u00ed tedy t\u0159eba \u017e\u00e1dn\u00e9 stavebn\u00ed povolen\u00ed, ani kolaudace a podobn\u00e9 v\u011bci. Pro um\u00edst\u011bn\u00ed takov\u00e9ho objektu sta\u010d\u00ed ve zjednodu\u0161en\u00e9m z\u0159\u00edzen\u00ed toto ozn\u00e1mit [&hellip;]","datePublished":"2025-01-04","dateModified":"2025-01-04","author":{"@type":"Person","@id":"https:\/\/www.marienbad-thc.cz\/author\/#Person","name":"marienbad-thc.cz\n","url":"https:\/\/www.marienbad-thc.cz\/author\/","identifier":1,"image":{"@type":"ImageObject","@id":"https:\/\/secure.gravatar.com\/avatar\/c61c2d82e330ff9c70cf023b4c62d411e8407bcb38f85df591fa270717754b44?s=96&d=mm&r=g","url":"https:\/\/secure.gravatar.com\/avatar\/c61c2d82e330ff9c70cf023b4c62d411e8407bcb38f85df591fa270717754b44?s=96&d=mm&r=g","height":96,"width":96}},"publisher":{"@type":"Organization","name":"marienbad-thc.cz","logo":{"@type":"ImageObject","@id":"\/logo.png","url":"\/logo.png","width":600,"height":60}},"url":"https:\/\/www.marienbad-thc.cz\/stavba-nestavba\/","wordCount":182,"articleBody":"Po prvotn\u00edch zmatc\u00edch a rozporupln\u00fdch stanovisc\u00edch bylo ujednoceno, \u017ee i ka\u017ed\u00fd obytn\u00fd mobiln\u00ed d\u016fm je obytnou stavbou ve smyslu z\u00e1kona, nicm\u00e9n\u011b na jeho instalaci se nevztahuj\u00ed v\u0161echna ustanoven\u00ed jako pro vznik klasick\u00fdch pevn\u00fdch staveb. Nen\u00ed tedy t\u0159eba \u017e\u00e1dn\u00e9 stavebn\u00ed povolen\u00ed, ani kolaudace a podobn\u00e9 v\u011bci. Pro um\u00edst\u011bn\u00ed takov\u00e9ho objektu sta\u010d\u00ed ve zjednodu\u0161en\u00e9m z\u0159\u00edzen\u00ed toto ozn\u00e1mit p\u0159\u00edslu\u0161n\u00e9mu obecn\u00edmu \u00fa\u0159adu, kter\u00fd pouze posoud\u00ed, je-li um\u00edst\u011bn\u00ed v souladu s \u00fazemn\u00edm pl\u00e1nem obce, p\u0159\u00edpadn\u011b dal\u0161\u00edmi skute\u010dnostmi (ochrana p\u0159\u00edrody, kulturn\u00edch pam\u00e1tek, bezpe\u010dnost dopravn\u00ed a podobn\u011b) a nas z\u00e1klad\u011b toho vyd\u00e1 jednoduch\u00e9 povolen\u00ed o instalaci obytn\u00e9ho celku. Sta\u010d\u00ed m\u00edsto a p\u0159\u00edvody Proto sta\u010d\u00ed k um\u00edst\u011bn\u00ed nestacion\u00e1rn\u00edho bydlen\u00ed souhlas majitele pozemku, kde m\u00e1 obydl\u00ed st\u00e1t a k tomu nejl\u00e9pe i vy\u0159\u00edzen\u00ed a dohodnut\u00ed si napojen\u00ed na energie. To znamen\u00e1 p\u0159\u00edvod elekt\u0159iny 240V, pitn\u00e9 vody a jde-li to i napojen\u00ed na kanalizaci.                                                                                                                                                                                                                                                                                                                                                                                                "},{"@context":"https:\/\/schema.org\/","@type":"BreadcrumbList","itemListElement":[{"@type":"ListItem","position":1,"name":"Stavba \u2013 nestavba","item":"https:\/\/www.marienbad-thc.cz\/stavba-nestavba\/#breadcrumbitem"}]}]