[{"@context":"https:\/\/schema.org\/","@type":"Article","@id":"https:\/\/www.marienbad-thc.cz\/romanticke-gesto-z-lasky\/#Article","mainEntityOfPage":"https:\/\/www.marienbad-thc.cz\/romanticke-gesto-z-lasky\/","headline":"Romantick\u00e9 gesto z l\u00e1sky","name":"Romantick\u00e9 gesto z l\u00e1sky","description":"Co by neud\u011blal ka\u017ed\u00fd mu\u017e pro svoji milovanou \u017eenu? V\u00edte, \u017ee svatba je u\u017e na spadnut\u00ed, ale je\u0161t\u011b neprob\u011bhla \u017e\u00e1dost o ruku? \u017d\u00e1dnou nezklame romantick\u00e9 gesto se z\u00e1snubn\u00edm prstenem. Nejl\u00e9pe bude, kdy\u017e ho vyberete s\u00e1m, aby tato slavnostn\u00ed a romantick\u00e1 chv\u00edle byla pln\u00e1 p\u0159ekvapen\u00ed. Dok\u00e1\u017eete tak svoji l\u00e1sce, \u017ee jste mu\u017e \u010dinu a zvl\u00e1dnete se [&hellip;]","datePublished":"2024-11-17","dateModified":"2024-11-17","author":{"@type":"Person","@id":"https:\/\/www.marienbad-thc.cz\/author\/#Person","name":"marienbad-thc.cz\n","url":"https:\/\/www.marienbad-thc.cz\/author\/","identifier":1,"image":{"@type":"ImageObject","@id":"https:\/\/secure.gravatar.com\/avatar\/c61c2d82e330ff9c70cf023b4c62d411e8407bcb38f85df591fa270717754b44?s=96&d=mm&r=g","url":"https:\/\/secure.gravatar.com\/avatar\/c61c2d82e330ff9c70cf023b4c62d411e8407bcb38f85df591fa270717754b44?s=96&d=mm&r=g","height":96,"width":96}},"publisher":{"@type":"Organization","name":"marienbad-thc.cz","logo":{"@type":"ImageObject","@id":"\/logo.png","url":"\/logo.png","width":600,"height":60}},"url":"https:\/\/www.marienbad-thc.cz\/romanticke-gesto-z-lasky\/","wordCount":173,"articleBody":"Co by neud\u011blal ka\u017ed\u00fd mu\u017e pro svoji milovanou \u017eenu? V\u00edte, \u017ee svatba je u\u017e na spadnut\u00ed, ale je\u0161t\u011b neprob\u011bhla \u017e\u00e1dost o ruku? \u017d\u00e1dnou nezklame romantick\u00e9 gesto se z\u00e1snubn\u00edm prstenem. Nejl\u00e9pe bude, kdy\u017e ho vyberete s\u00e1m, aby tato slavnostn\u00ed a romantick\u00e1 chv\u00edle byla pln\u00e1 p\u0159ekvapen\u00ed. Dok\u00e1\u017eete tak svoji l\u00e1sce, \u017ee jste mu\u017e \u010dinu a zvl\u00e1dnete se o v\u0161e postarat. Na co je\u0161t\u011b \u010dek\u00e1te? Vyberte ten nejhez\u010d\u00ed.Vztah si zaslou\u017e\u00ed romantick\u00e9 vzpom\u00ednkyPamatujete si, jak jste se sezn\u00e1mili? Chcete, aby byla nezapomenuteln\u00e1 i va\u0161e \u017e\u00e1dost o ruku? Nejd\u0159\u00edv za\u010dn\u011bte se z\u00e1snubn\u00edm prstenem, kter\u00fd je tradi\u010dn\u00edm symbolem velk\u00e9 l\u00e1sky a nesm\u00ed p\u0159i \u017e\u00e1dosti o ruku v \u017e\u00e1dn\u00e9m p\u0159\u00edpad\u011b chyb\u011bt. Pokud dob\u0159e zn\u00e1te vkus va\u0161i l\u00e1sky, nebudete ji u v\u00fdb\u011bru pot\u0159ebovat a vyberete \u0161perk, kter\u00fd ji nejl\u00e9pe padne. Vzpom\u00ednka, kter\u00e1 v\u00e1m z\u016fstane nav\u017edy.                                                                                                                                                                                                                                                                                                                                                                                                "},{"@context":"https:\/\/schema.org\/","@type":"BreadcrumbList","itemListElement":[{"@type":"ListItem","position":1,"name":"Romantick\u00e9 gesto z l\u00e1sky","item":"https:\/\/www.marienbad-thc.cz\/romanticke-gesto-z-lasky\/#breadcrumbitem"}]}]