[{"@context":"https:\/\/schema.org\/","@type":"Article","@id":"https:\/\/www.marienbad-thc.cz\/prestavba\/#Article","mainEntityOfPage":"https:\/\/www.marienbad-thc.cz\/prestavba\/","headline":"P\u0159estavba","name":"P\u0159estavba","description":"Rozhodli jste se pro p\u0159estavbu rodinn\u00e9ho domu? Pro\u010d ne. Chcete d\u016fm p\u0159estav\u011bt tak, aby tam byl dostatek prostoru i pro va\u0161e d\u011bti, p\u0159\u00edpadn\u011b vnou\u010data? K tomu je zapot\u0159eb\u00ed odvaha, proto\u017ee \u017e\u00e1dn\u00e1 proch\u00e1zka r\u016f\u017eov\u00fdm sadem to nebude. Ale co byste neud\u011blali pro sv\u00e9 potomstvo. Nav\u00edc spolu dob\u0159e vych\u00e1z\u00edte, tak pro\u010d byste m\u011bli m\u00edt bydlen\u00ed ka\u017ed\u00fd zvl\u00e1\u0161\u0165. [&hellip;]","datePublished":"2024-12-01","dateModified":"2024-12-01","author":{"@type":"Person","@id":"https:\/\/www.marienbad-thc.cz\/author\/#Person","name":"marienbad-thc.cz\n","url":"https:\/\/www.marienbad-thc.cz\/author\/","identifier":1,"image":{"@type":"ImageObject","@id":"https:\/\/secure.gravatar.com\/avatar\/c61c2d82e330ff9c70cf023b4c62d411e8407bcb38f85df591fa270717754b44?s=96&d=mm&r=g","url":"https:\/\/secure.gravatar.com\/avatar\/c61c2d82e330ff9c70cf023b4c62d411e8407bcb38f85df591fa270717754b44?s=96&d=mm&r=g","height":96,"width":96}},"publisher":{"@type":"Organization","name":"marienbad-thc.cz","logo":{"@type":"ImageObject","@id":"\/logo.png","url":"\/logo.png","width":600,"height":60}},"url":"https:\/\/www.marienbad-thc.cz\/prestavba\/","wordCount":206,"articleBody":" Rozhodli jste se pro p\u0159estavbu rodinn\u00e9ho domu? Pro\u010d ne. Chcete d\u016fm p\u0159estav\u011bt tak, aby tam byl dostatek prostoru i pro va\u0161e d\u011bti, p\u0159\u00edpadn\u011b vnou\u010data? K tomu je zapot\u0159eb\u00ed odvaha, proto\u017ee \u017e\u00e1dn\u00e1 proch\u00e1zka r\u016f\u017eov\u00fdm sadem to nebude. Ale co byste neud\u011blali pro sv\u00e9 potomstvo. Nav\u00edc spolu dob\u0159e vych\u00e1z\u00edte, tak pro\u010d byste m\u011bli m\u00edt bydlen\u00ed ka\u017ed\u00fd zvl\u00e1\u0161\u0165. V dne\u0161n\u00ed dob\u011b akor\u00e1t tahaj\u00ed pen\u00edze z kapes pronaj\u00edmatel\u00e9 byt\u016f \u010di dom\u016f a vy i va\u0161e d\u011bti budete m\u00edt jistotu, \u017ee v\u00e1s nikdo nevyst\u011bhuje, budete prost\u011b ve sv\u00e9m. Jak\u00fd materi\u00e1l? S p\u0159estavbou domu v\u00e1s sice \u010dek\u00e1 spoustu pr\u00e1ce, ale d\u011bl\u00e1te to pro sebe. V\u0161e byste m\u011bli m\u00edt \u0159\u00e1dn\u011b promy\u0161leno. V jak\u00e9m duchu by p\u0159estavba m\u011bla b\u00fdt, jak\u00fd materi\u00e1l pou\u017e\u00edt a koho oslovit k p\u0159\u00edpadn\u00e9 spolupr\u00e1ci. P\u0159i v\u00fdb\u011bru dodavatele na d\u0159ev\u011bn\u00e1 okna byste m\u011bli b\u00fdt zvl\u00e1\u0161t\u011b opatrn\u00ed. Po\u017eadujete p\u0159ece kvalitu za rozumnou cenu a to v\u00e1m na\u0161e firma nab\u00edz\u00ed.                                                                                                                                                                                                                                                                                                                                                                                                "},{"@context":"https:\/\/schema.org\/","@type":"BreadcrumbList","itemListElement":[{"@type":"ListItem","position":1,"name":"P\u0159estavba","item":"https:\/\/www.marienbad-thc.cz\/prestavba\/#breadcrumbitem"}]}]