[{"@context":"https:\/\/schema.org\/","@type":"Article","@id":"https:\/\/www.marienbad-thc.cz\/pozvanka-do-detskeho-sveta-snu\/#Article","mainEntityOfPage":"https:\/\/www.marienbad-thc.cz\/pozvanka-do-detskeho-sveta-snu\/","headline":"Pozv\u00e1nka do d\u011btsk\u00e9ho sv\u011bta sn\u016f","name":"Pozv\u00e1nka do d\u011btsk\u00e9ho sv\u011bta sn\u016f","description":"Bohat\u00e1 fantazie d\u011bt\u00ed zaru\u010duje i jejich fantastick\u00fd snov\u00fd \u017eivot, jak\u00fd my dosp\u011bl\u00ed ur\u010dit\u011b nem\u00e1me. Kdy\u017e se budete sna\u017eit svoje d\u011bti o jejich snech rozpov\u00eddat, prohloub\u00edte sv\u016fj vz\u00e1jemn\u00fd vztah a d\u016fv\u011bru. Stejn\u011b jako u V\u00e1s, mohou pocity, jen\u017e se vyskytuj\u00ed v d\u011btsk\u00fdch snech, odr\u00e1\u017eet jejich ur\u010dit\u00e9 strachy a \u00fazkosti. V\u00e1\u0161 up\u0159\u00edmn\u00fd z\u00e1jem dod\u00e1 d\u011btem pot\u0159ebnou odvahu [&hellip;]","datePublished":"2023-04-28","dateModified":"2023-04-28","author":{"@type":"Person","@id":"https:\/\/www.marienbad-thc.cz\/author\/#Person","name":"marienbad-thc.cz\n","url":"https:\/\/www.marienbad-thc.cz\/author\/","identifier":1,"image":{"@type":"ImageObject","@id":"https:\/\/secure.gravatar.com\/avatar\/c61c2d82e330ff9c70cf023b4c62d411e8407bcb38f85df591fa270717754b44?s=96&d=mm&r=g","url":"https:\/\/secure.gravatar.com\/avatar\/c61c2d82e330ff9c70cf023b4c62d411e8407bcb38f85df591fa270717754b44?s=96&d=mm&r=g","height":96,"width":96}},"publisher":{"@type":"Organization","name":"marienbad-thc.cz","logo":{"@type":"ImageObject","@id":"\/logo.png","url":"\/logo.png","width":600,"height":60}},"url":"https:\/\/www.marienbad-thc.cz\/pozvanka-do-detskeho-sveta-snu\/","about":["D\u011bti"],"wordCount":439,"articleBody":"Bohat\u00e1 fantazie d\u011bt\u00ed zaru\u010duje i jejich fantastick\u00fd snov\u00fd \u017eivot, jak\u00fd my dosp\u011bl\u00ed ur\u010dit\u011b nem\u00e1me. Kdy\u017e se budete sna\u017eit svoje d\u011bti o jejich snech rozpov\u00eddat, prohloub\u00edte sv\u016fj vz\u00e1jemn\u00fd vztah a d\u016fv\u011bru. Stejn\u011b jako u V\u00e1s, mohou pocity, jen\u017e se vyskytuj\u00ed v d\u011btsk\u00fdch snech, odr\u00e1\u017eet jejich ur\u010dit\u00e9 strachy a \u00fazkosti. V\u00e1\u0161 up\u0159\u00edmn\u00fd z\u00e1jem dod\u00e1 d\u011btem pot\u0159ebnou odvahu otev\u0159\u00edt se a probl\u00e9m zvl\u00e1dnout a \u0159e\u0161it sv\u00fdmi silami i za Va\u0161\u00ed pomoci.\u00a0NO\u010cN\u00cd M\u016eRAU t\u011bchto sn\u016f je empatick\u00fd p\u0159\u00edstup nejd\u016fle\u017eit\u011bj\u0161\u00ed. Jsou sign\u00e1lem toho, \u017ee d\u00edt\u011b si s n\u011b\u010d\u00edm nev\u00ed rady, \u017ee zpracov\u00e1v\u00e1 n\u011bjak\u00fd nep\u0159\u00edjemn\u00fd z\u00e1\u017eitek. O to d\u016fle\u017eit\u011bj\u0161\u00ed je sna\u017eit se, aby d\u00edt\u011b o sv\u00e9m t\u011b\u017ek\u00e9m snu mluvilo a sd\u00edlelo jej s V\u00e1mi. Mo\u017en\u00e1 do\u0161lo v jeho \u017eivot\u011b k n\u011bjak\u00e9 zm\u011bn\u011b, s kterou se neum\u00ed vypo\u0159\u00e1dat jako je vstup do \u0161koly nebo st\u011bhov\u00e1n\u00ed, ale m\u016f\u017ee j\u00edt i o dlouhodob\u00e9 probl\u00e9my, konflikty s dosp\u011bl\u00fdmi nebo naopak o jednor\u00e1zov\u00fd z\u00e1\u017eitek.Jak ji zlikvidovat?Fantazie d\u00edt\u011bte m\u016f\u017ee pomoci p\u0159ekonat a vyrovnat se s o\u0161kliv\u00fdmi no\u010dn\u00edmi m\u016frami. Nejlep\u0161\u00ed zp\u016fsob je pomoc\u00ed malov\u00e1n\u00ed. Takov\u00fd obr\u00e1zek, kde ono samo je velk\u00fd superhrdina, kter\u00fd snadno zni\u010d\u00ed malink\u00e9 postavi\u010dky ze zl\u00e9ho snu, dok\u00e1\u017ee z\u00e1zraky. T\u00edm v\u00edce, kdy\u017e se pot\u00e9 roztrh\u00e1 nebo za\u010dm\u00e1r\u00e1.\u00a0FANTASTICK\u00c9 A TVO\u0158IV\u00c9 SNYO mnoh\u00fdch d\u011btsk\u00fdch snech se ani nedozv\u00edme, proto\u017ee je d\u011bti nedok\u00e1\u017e\u00ed pojmenovat a sc\u00e9ny z nich popsat. Ale co v\u00edme ur\u010dit\u011b a co n\u00e1s pot\u011b\u0161\u00ed je to, \u017ee nepro\u017e\u00edvaj\u00ed pouze no\u010dn\u00ed m\u016fry, ale tak\u00e9 sny pozitivn\u00ed, kter\u00e9 zpracov\u00e1vaj\u00ed denn\u00ed z\u00e1\u017eitky a z\u00e1jmy d\u00edt\u011bte nebo se v nich setk\u00e1vaj\u00ed s netu\u0161en\u00fdm dobrodru\u017estv\u00edm. Pokud si d\u00edt\u011b takov\u00fd sen pamatuje, m\u016f\u017ee si podle n\u011bj namalovat nebo vyrobit, co fantastick\u00e9ho vid\u011blo. A my je m\u016f\u017eeme citliv\u011b v\u00e9st a rozv\u00edjet jeho osobnost.Pro\u010d si m\u00e1 d\u00edt\u011b vybavovat sv\u016fj sen?1.\u00a0\u00a0\u00a0\u00a0\u00a0 tr\u00e9nuje si svoji pam\u011b\u0165 a p\u0159edstavivost2.\u00a0\u00a0\u00a0\u00a0\u00a0 rozv\u00edj\u00ed si slovn\u00ed z\u00e1sobu3.\u00a0\u00a0\u00a0\u00a0\u00a0 u\u010d\u00ed se ch\u00e1pat city svoje i ostatn\u00edch4.\u00a0\u00a0\u00a0\u00a0\u00a0 vede ho to k pochopen\u00ed sv\u00e9ho vnit\u0159n\u00edho sv\u011bta i sv\u011bta okolo n\u011bj                                                                                                                                                                                                                                                                                                                                                                                                "},{"@context":"https:\/\/schema.org\/","@type":"BreadcrumbList","itemListElement":[{"@type":"ListItem","position":1,"name":"Pozv\u00e1nka do d\u011btsk\u00e9ho sv\u011bta sn\u016f","item":"https:\/\/www.marienbad-thc.cz\/pozvanka-do-detskeho-sveta-snu\/#breadcrumbitem"}]}]