[{"@context":"https:\/\/schema.org\/","@type":"Article","@id":"https:\/\/www.marienbad-thc.cz\/odpocinek-po-pracovnim-tydnu\/#Article","mainEntityOfPage":"https:\/\/www.marienbad-thc.cz\/odpocinek-po-pracovnim-tydnu\/","headline":"Odpo\u010dinek po pracovn\u00edm t\u00fddnu","name":"Odpo\u010dinek po pracovn\u00edm t\u00fddnu","description":"M\u00e1te dost pr\u00e1ce, na\u0161tval v\u00e1s \u0161\u00e9f a vy se t\u011b\u0161\u00edte, a\u017e budete m\u00edt o v\u00edkendu kone\u010dn\u011b klid? Pokud i v\u00e1s tr\u00e1p\u00ed spousta v\u011bc\u00ed p\u0159es pracovn\u00ed t\u00fdden, pokud i vy se roz\u010dilujete a kaz\u00edte si n\u00e1ladu, tak opravdu skv\u011ble vyu\u017eijte v\u00edkendov\u00e9 pobyty, kter\u00e9 se v\u00e1m budou perfektn\u011b hodit. Ute\u010dete od reality, budete si p\u00e1r dn\u00ed u\u017e\u00edvat [&hellip;]","datePublished":"2025-03-08","dateModified":"2025-03-08","author":{"@type":"Person","@id":"https:\/\/www.marienbad-thc.cz\/author\/#Person","name":"marienbad-thc.cz\n","url":"https:\/\/www.marienbad-thc.cz\/author\/","identifier":1,"image":{"@type":"ImageObject","@id":"https:\/\/secure.gravatar.com\/avatar\/c61c2d82e330ff9c70cf023b4c62d411e8407bcb38f85df591fa270717754b44?s=96&d=mm&r=g","url":"https:\/\/secure.gravatar.com\/avatar\/c61c2d82e330ff9c70cf023b4c62d411e8407bcb38f85df591fa270717754b44?s=96&d=mm&r=g","height":96,"width":96}},"publisher":{"@type":"Organization","name":"marienbad-thc.cz","logo":{"@type":"ImageObject","@id":"\/logo.png","url":"\/logo.png","width":600,"height":60}},"url":"https:\/\/www.marienbad-thc.cz\/odpocinek-po-pracovnim-tydnu\/","wordCount":182,"articleBody":"M\u00e1te dost pr\u00e1ce, na\u0161tval v\u00e1s \u0161\u00e9f a vy se t\u011b\u0161\u00edte, a\u017e budete m\u00edt o v\u00edkendu kone\u010dn\u011b klid? Pokud i v\u00e1s tr\u00e1p\u00ed spousta v\u011bc\u00ed p\u0159es pracovn\u00ed t\u00fdden, pokud i vy se roz\u010dilujete a kaz\u00edte si n\u00e1ladu, tak opravdu skv\u011ble vyu\u017eijte v\u00edkendov\u00e9 pobyty, kter\u00e9 se v\u00e1m budou perfektn\u011b hodit. Ute\u010dete od reality, budete si p\u00e1r dn\u00ed u\u017e\u00edvat a do pr\u00e1ce se vr\u00e1t\u00edte jako nov\u00ed lid\u00e9, kte\u0159\u00ed maj\u00ed skv\u011blou n\u00e1ladu a jsou pln\u00ed energie z poveden\u00e9ho dvoudenn\u00edho pobytu. Porad\u00edme v\u00e1m Pokud se st\u00e1le nem\u016f\u017eete rozhodnout, kam vyraz\u00edte na v\u00edkendov\u00fd pobyt, tak nev\u00e1hejte a obra\u0165te se pr\u00e1v\u011b na n\u00e1s. N\u00e1\u0161 specializovan\u00fd t\u00fdm odborn\u00edk\u016f v\u00e1m porad\u00ed, kam nejl\u00e9pe vyrazit a kde si u\u017eijete co nejv\u00edce. Porad\u00edme v\u00e1m v\u0161e, co budete pot\u0159ebovat a spolu s v\u00e1mi v\u00e1m nalezneme tu nejlep\u0161\u00ed alternativu pro v\u00e1\u0161 pobyt mimo domov.                                                                                                                                                                                                                                                                                                                                                                                                "},{"@context":"https:\/\/schema.org\/","@type":"BreadcrumbList","itemListElement":[{"@type":"ListItem","position":1,"name":"Odpo\u010dinek po pracovn\u00edm t\u00fddnu","item":"https:\/\/www.marienbad-thc.cz\/odpocinek-po-pracovnim-tydnu\/#breadcrumbitem"}]}]