{"@context":"https:\/\/schema.org\/","@type":"CollectionPage","@id":"https:\/\/www.marienbad-thc.cz\/moda\/#CollectionPage","headline":"M\u00f3da Category","description":"","url":"https:\/\/www.marienbad-thc.cz\/moda\/","hasPart":[{"@type":"Article","@id":"https:\/\/www.marienbad-thc.cz\/krasa-se-skryva-v-detailech\/","headline":"Kr\u00e1sa se skr\u00fdv\u00e1 v detailech","url":"https:\/\/www.marienbad-thc.cz\/krasa-se-skryva-v-detailech\/","datePublished":"2025-03-06","dateModified":"2023-04-28","mainEntityOfPage":"https:\/\/www.marienbad-thc.cz\/krasa-se-skryva-v-detailech\/","author":{"@type":"Person","@id":"https:\/\/www.marienbad-thc.cz\/author\/#Person","name":"marienbad-thc.cz\n","url":"https:\/\/www.marienbad-thc.cz\/author\/","identifier":1,"image":{"@type":"ImageObject","@id":"https:\/\/secure.gravatar.com\/avatar\/c61c2d82e330ff9c70cf023b4c62d411e8407bcb38f85df591fa270717754b44?s=96&d=mm&r=g","url":"https:\/\/secure.gravatar.com\/avatar\/c61c2d82e330ff9c70cf023b4c62d411e8407bcb38f85df591fa270717754b44?s=96&d=mm&r=g","height":96,"width":96}},"publisher":{"@type":"Organization","name":"marienbad-thc.cz","logo":{"@type":"ImageObject","@id":"\/logo.png","url":"\/logo.png","width":600,"height":60}},"image":{"@type":"ImageObject","@id":"https:\/\/www.marienbad-thc.cz\/wp-content\/uploads\/img_a306313_w1939_t1517431964.jpg","url":"https:\/\/www.marienbad-thc.cz\/wp-content\/uploads\/img_a306313_w1939_t1517431964.jpg","height":0,"width":0},"keywords":null},{"@type":"Article","@id":"https:\/\/www.marienbad-thc.cz\/ukladejte-obleceni-tak-aby-se-nepomackalo\/","headline":"Ukl\u00e1dejte oble\u010den\u00ed tak, aby se nepoma\u010dkalo!","url":"https:\/\/www.marienbad-thc.cz\/ukladejte-obleceni-tak-aby-se-nepomackalo\/","datePublished":"2025-03-03","dateModified":"2023-04-28","mainEntityOfPage":"https:\/\/www.marienbad-thc.cz\/ukladejte-obleceni-tak-aby-se-nepomackalo\/","author":{"@type":"Person","@id":"https:\/\/www.marienbad-thc.cz\/author\/#Person","name":"marienbad-thc.cz\n","url":"https:\/\/www.marienbad-thc.cz\/author\/","identifier":1,"image":{"@type":"ImageObject","@id":"https:\/\/secure.gravatar.com\/avatar\/c61c2d82e330ff9c70cf023b4c62d411e8407bcb38f85df591fa270717754b44?s=96&d=mm&r=g","url":"https:\/\/secure.gravatar.com\/avatar\/c61c2d82e330ff9c70cf023b4c62d411e8407bcb38f85df591fa270717754b44?s=96&d=mm&r=g","height":96,"width":96}},"publisher":{"@type":"Organization","name":"marienbad-thc.cz","logo":{"@type":"ImageObject","@id":"\/logo.png","url":"\/logo.png","width":600,"height":60}},"image":{"@type":"ImageObject","@id":"https:\/\/www.marienbad-thc.cz\/wp-content\/uploads\/img_a310164_w2012_t1521105358.jpg","url":"https:\/\/www.marienbad-thc.cz\/wp-content\/uploads\/img_a310164_w2012_t1521105358.jpg","height":0,"width":0},"keywords":null},{"@type":"Article","@id":"https:\/\/www.marienbad-thc.cz\/moda-na-tribunach\/","headline":"M\u00f3da na tribun\u00e1ch","url":"https:\/\/www.marienbad-thc.cz\/moda-na-tribunach\/","datePublished":"2025-03-01","dateModified":"2023-04-28","mainEntityOfPage":"https:\/\/www.marienbad-thc.cz\/moda-na-tribunach\/","author":{"@type":"Person","@id":"https:\/\/www.marienbad-thc.cz\/author\/#Person","name":"marienbad-thc.cz\n","url":"https:\/\/www.marienbad-thc.cz\/author\/","identifier":1,"image":{"@type":"ImageObject","@id":"https:\/\/secure.gravatar.com\/avatar\/c61c2d82e330ff9c70cf023b4c62d411e8407bcb38f85df591fa270717754b44?s=96&d=mm&r=g","url":"https:\/\/secure.gravatar.com\/avatar\/c61c2d82e330ff9c70cf023b4c62d411e8407bcb38f85df591fa270717754b44?s=96&d=mm&r=g","height":96,"width":96}},"publisher":{"@type":"Organization","name":"marienbad-thc.cz","logo":{"@type":"ImageObject","@id":"\/logo.png","url":"\/logo.png","width":600,"height":60}},"image":{"@type":"ImageObject","@id":"https:\/\/www.marienbad-thc.cz\/wp-content\/uploads\/img_a287902_w1939_t1498473633.jpg","url":"https:\/\/www.marienbad-thc.cz\/wp-content\/uploads\/img_a287902_w1939_t1498473633.jpg","height":0,"width":0},"keywords":null},{"@type":"Article","@id":"https:\/\/www.marienbad-thc.cz\/teplo-neco-stoji\/","headline":"Teplo n\u011bco stoj\u00ed","url":"https:\/\/www.marienbad-thc.cz\/teplo-neco-stoji\/","datePublished":"2023-04-28","dateModified":"2023-04-28","mainEntityOfPage":"https:\/\/www.marienbad-thc.cz\/teplo-neco-stoji\/","author":{"@type":"Person","@id":"https:\/\/www.marienbad-thc.cz\/author\/#Person","name":"marienbad-thc.cz\n","url":"https:\/\/www.marienbad-thc.cz\/author\/","identifier":1,"image":{"@type":"ImageObject","@id":"https:\/\/secure.gravatar.com\/avatar\/c61c2d82e330ff9c70cf023b4c62d411e8407bcb38f85df591fa270717754b44?s=96&d=mm&r=g","url":"https:\/\/secure.gravatar.com\/avatar\/c61c2d82e330ff9c70cf023b4c62d411e8407bcb38f85df591fa270717754b44?s=96&d=mm&r=g","height":96,"width":96}},"publisher":{"@type":"Organization","name":"marienbad-thc.cz","logo":{"@type":"ImageObject","@id":"\/logo.png","url":"\/logo.png","width":600,"height":60}},"image":null,"keywords":null},{"@type":"Article","@id":"https:\/\/www.marienbad-thc.cz\/kde-vzit-dokonale-saty\/","headline":"Kde vz\u00edt dokonal\u00e9 \u0161aty?","url":"https:\/\/www.marienbad-thc.cz\/kde-vzit-dokonale-saty\/","datePublished":"2019-10-18","dateModified":"2023-04-28","mainEntityOfPage":"https:\/\/www.marienbad-thc.cz\/kde-vzit-dokonale-saty\/","author":{"@type":"Person","@id":"https:\/\/www.marienbad-thc.cz\/author\/#Person","name":"marienbad-thc.cz\n","url":"https:\/\/www.marienbad-thc.cz\/author\/","identifier":1,"image":{"@type":"ImageObject","@id":"https:\/\/secure.gravatar.com\/avatar\/c61c2d82e330ff9c70cf023b4c62d411e8407bcb38f85df591fa270717754b44?s=96&d=mm&r=g","url":"https:\/\/secure.gravatar.com\/avatar\/c61c2d82e330ff9c70cf023b4c62d411e8407bcb38f85df591fa270717754b44?s=96&d=mm&r=g","height":96,"width":96}},"publisher":{"@type":"Organization","name":"marienbad-thc.cz","logo":{"@type":"ImageObject","@id":"\/logo.png","url":"\/logo.png","width":600,"height":60}},"image":{"@type":"ImageObject","@id":"https:\/\/www.marienbad-thc.cz\/wp-content\/uploads\/img_a365282_w1939_t1578230378.jpg","url":"https:\/\/www.marienbad-thc.cz\/wp-content\/uploads\/img_a365282_w1939_t1578230378.jpg","height":0,"width":0},"keywords":null},{"@type":"Article","@id":"https:\/\/www.marienbad-thc.cz\/vyberte-si-tu-spravnou-kabelku\/","headline":"Vyberte si tu spr\u00e1vnou kabelku!","url":"https:\/\/www.marienbad-thc.cz\/vyberte-si-tu-spravnou-kabelku\/","datePublished":"2019-06-20","dateModified":"2023-04-28","mainEntityOfPage":"https:\/\/www.marienbad-thc.cz\/vyberte-si-tu-spravnou-kabelku\/","author":{"@type":"Person","@id":"https:\/\/www.marienbad-thc.cz\/author\/#Person","name":"marienbad-thc.cz\n","url":"https:\/\/www.marienbad-thc.cz\/author\/","identifier":1,"image":{"@type":"ImageObject","@id":"https:\/\/secure.gravatar.com\/avatar\/c61c2d82e330ff9c70cf023b4c62d411e8407bcb38f85df591fa270717754b44?s=96&d=mm&r=g","url":"https:\/\/secure.gravatar.com\/avatar\/c61c2d82e330ff9c70cf023b4c62d411e8407bcb38f85df591fa270717754b44?s=96&d=mm&r=g","height":96,"width":96}},"publisher":{"@type":"Organization","name":"marienbad-thc.cz","logo":{"@type":"ImageObject","@id":"\/logo.png","url":"\/logo.png","width":600,"height":60}},"image":{"@type":"ImageObject","@id":"https:\/\/www.marienbad-thc.cz\/wp-content\/uploads\/img_a347022_w1939_t1561231414.jpg","url":"https:\/\/www.marienbad-thc.cz\/wp-content\/uploads\/img_a347022_w1939_t1561231414.jpg","height":0,"width":0},"keywords":null},{"@type":"Article","@id":"https:\/\/www.marienbad-thc.cz\/jak-byt-dokonalou-zenou\/","headline":"Jak b\u00fdt dokonalou \u017eenou?","url":"https:\/\/www.marienbad-thc.cz\/jak-byt-dokonalou-zenou\/","datePublished":"2019-02-19","dateModified":"2023-04-28","mainEntityOfPage":"https:\/\/www.marienbad-thc.cz\/jak-byt-dokonalou-zenou\/","author":{"@type":"Person","@id":"https:\/\/www.marienbad-thc.cz\/author\/#Person","name":"marienbad-thc.cz\n","url":"https:\/\/www.marienbad-thc.cz\/author\/","identifier":1,"image":{"@type":"ImageObject","@id":"https:\/\/secure.gravatar.com\/avatar\/c61c2d82e330ff9c70cf023b4c62d411e8407bcb38f85df591fa270717754b44?s=96&d=mm&r=g","url":"https:\/\/secure.gravatar.com\/avatar\/c61c2d82e330ff9c70cf023b4c62d411e8407bcb38f85df591fa270717754b44?s=96&d=mm&r=g","height":96,"width":96}},"publisher":{"@type":"Organization","name":"marienbad-thc.cz","logo":{"@type":"ImageObject","@id":"\/logo.png","url":"\/logo.png","width":600,"height":60}},"image":{"@type":"ImageObject","@id":"https:\/\/www.marienbad-thc.cz\/wp-content\/uploads\/img_a338720_w1939_t1551334984.jpg","url":"https:\/\/www.marienbad-thc.cz\/wp-content\/uploads\/img_a338720_w1939_t1551334984.jpg","height":0,"width":0},"keywords":null}]}