[{"@context":"https:\/\/schema.org\/","@type":"Article","@id":"https:\/\/www.marienbad-thc.cz\/moda-na-tribunach\/#Article","mainEntityOfPage":"https:\/\/www.marienbad-thc.cz\/moda-na-tribunach\/","headline":"M\u00f3da na tribun\u00e1ch","name":"M\u00f3da na tribun\u00e1ch","description":"Jsem nad\u0161en\u00fdm fanou\u0161kem sportu. Krom\u011b toho, \u017ee sama r\u00e1da aktivn\u011b sportuji, jsem samoz\u0159ejm\u011b i pro pasivn\u00ed sport. Nejen, \u017ee sleduji z\u00e1pasy a r\u016fzn\u00e9 sportovn\u00ed p\u0159enosy z pohodl\u00ed domova, tak\u00e9 r\u00e1da nav\u0161t\u011bvuji tyto sportovn\u00ed akce a st\u00e1v\u00e1m se sou\u010d\u00e1st\u00ed kotle na stadionech. R\u00e1da se obl\u00e9k\u00e1m podle m\u00f3dy a samoz\u0159ejm\u011b tak, aby bylo jasn\u00e9, na jak\u00e9 stran\u011b [&hellip;]","datePublished":"2025-03-01","dateModified":"2023-04-28","author":{"@type":"Person","@id":"https:\/\/www.marienbad-thc.cz\/author\/#Person","name":"marienbad-thc.cz\n","url":"https:\/\/www.marienbad-thc.cz\/author\/","identifier":1,"image":{"@type":"ImageObject","@id":"https:\/\/secure.gravatar.com\/avatar\/c61c2d82e330ff9c70cf023b4c62d411e8407bcb38f85df591fa270717754b44?s=96&d=mm&r=g","url":"https:\/\/secure.gravatar.com\/avatar\/c61c2d82e330ff9c70cf023b4c62d411e8407bcb38f85df591fa270717754b44?s=96&d=mm&r=g","height":96,"width":96}},"publisher":{"@type":"Organization","name":"marienbad-thc.cz","logo":{"@type":"ImageObject","@id":"\/logo.png","url":"\/logo.png","width":600,"height":60}},"image":{"@type":"ImageObject","@id":"https:\/\/www.marienbad-thc.cz\/wp-content\/uploads\/img_a287902_w1939_t1498473633.jpg","url":"https:\/\/www.marienbad-thc.cz\/wp-content\/uploads\/img_a287902_w1939_t1498473633.jpg","height":0,"width":0},"url":"https:\/\/www.marienbad-thc.cz\/moda-na-tribunach\/","about":["M\u00f3da"],"wordCount":575,"articleBody":"Jsem nad\u0161en\u00fdm fanou\u0161kem sportu. Krom\u011b toho, \u017ee sama r\u00e1da aktivn\u011b sportuji, jsem samoz\u0159ejm\u011b i pro pasivn\u00ed sport. Nejen, \u017ee sleduji z\u00e1pasy a r\u016fzn\u00e9 sportovn\u00ed p\u0159enosy z pohodl\u00ed domova, tak\u00e9 r\u00e1da nav\u0161t\u011bvuji tyto sportovn\u00ed akce a st\u00e1v\u00e1m se sou\u010d\u00e1st\u00ed kotle na stadionech. R\u00e1da se obl\u00e9k\u00e1m podle m\u00f3dy a samoz\u0159ejm\u011b tak, aby bylo jasn\u00e9, na jak\u00e9 stran\u011b stoj\u00edm, kdy\u017e vyraz\u00edm pr\u00e1v\u011b na m\u00edsto kon\u00e1n\u00ed akce.Vhodn\u00e9 oble\u010den\u00edPodle m\u011b, je t\u0159eba v\u017edy podle dan\u00e9 ud\u00e1losti zvolit vhodn\u00fd od\u011bv. Pokud jdu na tane\u010dn\u00ed sout\u011b\u017e, obl\u00e9k\u00e1m se elegantn\u011b. T\u011b\u017eko mohu vyj\u00e1d\u0159it podporu tane\u010dn\u00edk\u016fm t\u00edm, \u017ee si vezmu stejn\u00e9 \u0161aty, ve kter\u00fdch na sout\u011b\u017e\u00edch tan\u010d\u00ed. Nicm\u00e9n\u011b, pokud se ji\u017e vyd\u00e1m fandit konkr\u00e9tn\u00edmu p\u00e1ru \u010di dru\u017estvu a sleduji je dlouhodob\u011b, sna\u017e\u00edm se sladit svoje oble\u010den\u00ed nejen s m\u00f3dn\u00edmi trendy, ale tak\u00e9 s jejich barevnou kombinac\u00ed \u010di stylem. Pokud v\u0161ak jdu na z\u00e1pas hokejist\u016f \u010di fotbalist\u016f, r\u00e1da si obl\u00e9knu i jejich dres. Nemysl\u00edm si v\u0161ak, \u017ee je nutn\u00e9 podporu vyj\u00e1d\u0159it pouze t\u00edm, \u017ee budu m\u00edt dan\u00fd dres. Pokud jdu nap\u0159\u00edklad na z\u00e1pas \u010desk\u00e9 reprezentace, a\u0165 u\u017e je to z\u00e1pas v hokejbalu, hokeji \u010di fotbale, mohu vyu\u017e\u00edt i jin\u00e9 mo\u017enosti. Pt\u00e1te se jak\u00e9?Ct\u00edm barvy se vlasti!Ve dresu v\u017edycky kr\u00e1sn\u011b zapadnete, pokud jdete sv\u016fj n\u00e1rodn\u00ed t\u00fdm podpo\u0159it, ov\u0161em ne ka\u017ed\u00fd by se mohl c\u00edtit v dresu nejl\u00e9pe. Ani j\u00e1 si nep\u0159ipad\u00e1m nijak zvl\u00e1\u0161\u0165 hezk\u00e1 a origin\u00e1ln\u00ed, pokud si vezmu dres. A tak jsem na\u0161la jin\u00fd zp\u016fsob, jak podpo\u0159it sv\u016fj t\u00fdm.Ned\u00e1vno zrovna jsem se rozhodla vyrazit fandit n\u00e1rodn\u00edmu t\u00fdmu hokejbalist\u016f na mistrovstv\u00ed sv\u011bta. A p\u0159esn\u011b to byl ten moment, kdy jsem mohla vyu\u017e\u00edt kreativitu a kouzlo barev na\u0161\u00ed st\u00e1tn\u00ed vlajky. Tedy barvy \u010derven\u00e9, modr\u00e9 a b\u00edl\u00e9.1.Oble\u010den\u00edZvolila jsem pruhovan\u00e9 tri\u010dko, kter\u00e9 bylo u\u0161ito z b\u00edlo \u010derven\u00e9 l\u00e1tky, pruhovan\u00e9. K tomu jsem si obl\u00e9kla modr\u00e9 kra\u0165asy a samoz\u0159ejm\u011b nemohly chyb\u011bt \u010derven\u00e9 boty. V\u0161echno v odst\u00ednech, kter\u00e9 k sob\u011b ladily jako barvy na\u0161\u00ed vlajky.2.L\u00ed\u010den\u00edPokud se v\u00e1m zd\u00e1 a\u017e p\u0159\u00edli\u0161 m\u00edt l\u00ed\u010den\u00ed v barv\u00e1ch na\u0161\u00ed kr\u00e1sn\u00e9 vlajky, nebojte se, nen\u00ed tomu tak. O\u010di jsem si nal\u00ed\u010dila tak, \u017ee byly vyst\u00ednov\u00e1ny od b\u00edl\u00e9 do modr\u00e9. Samoz\u0159ejm\u011b tak, aby moje o\u010di nevypadaly jako monoklem or\u00e1movan\u00e9. Na rty jsem pak vybrala kr\u00e1snou \u010dervenou rt\u011bnku, kter\u00e1 naprosto ladila s m\u00fdm trikem.3.Dopl\u0148kyAbych doc\u00edlila kompletn\u00edho efektu, sladila jsem kabelku s kr\u00e1tk\u00fdmi kalhoty. I kdy\u017e jsem samoz\u0159ejm\u011b m\u011bla nejv\u00edce chu\u0165 sladit kabelku s barvou bot. Ale proto\u017ee v\u00edm, \u017ee moment\u00e1ln\u011b je tento trend ji\u017e pry\u010d, rozhodla jsem tedy pro uvedenou volbu.V\u011b\u0159\u00edm, \u017ee jsem podpo\u0159ila n\u00e1\u0161 t\u00fdm sv\u00fdm hlasem a potleskem dostate\u010dn\u011b, ale jsem si tak\u00e9 jist\u00e1, \u017ee v\u00fdb\u011br barev na oble\u010den\u00ed a l\u00ed\u010den\u00ed podtrhl a uk\u00e1zal, \u017ee hr\u00e1\u010d\u016fm v\u011b\u0159\u00edm!                                                                                                                                                                                                                                                                                                                                                                                                "},{"@context":"https:\/\/schema.org\/","@type":"BreadcrumbList","itemListElement":[{"@type":"ListItem","position":1,"name":"M\u00f3da na tribun\u00e1ch","item":"https:\/\/www.marienbad-thc.cz\/moda-na-tribunach\/#breadcrumbitem"}]}]