{"@context":"https:\/\/schema.org\/","@type":"CollectionPage","@id":"https:\/\/www.marienbad-thc.cz\/kultura\/#CollectionPage","headline":"Kultura Category","description":"","url":"https:\/\/www.marienbad-thc.cz\/kultura\/","hasPart":[{"@type":"Article","@id":"https:\/\/www.marienbad-thc.cz\/tetovani-jako-soucast-osobnosti\/","headline":"Tetov\u00e1n\u00ed jako sou\u010d\u00e1st osobnosti","url":"https:\/\/www.marienbad-thc.cz\/tetovani-jako-soucast-osobnosti\/","datePublished":"2025-03-07","dateModified":"2023-04-28","mainEntityOfPage":"https:\/\/www.marienbad-thc.cz\/tetovani-jako-soucast-osobnosti\/","author":{"@type":"Person","@id":"https:\/\/www.marienbad-thc.cz\/author\/#Person","name":"marienbad-thc.cz\n","url":"https:\/\/www.marienbad-thc.cz\/author\/","identifier":1,"image":{"@type":"ImageObject","@id":"https:\/\/secure.gravatar.com\/avatar\/c61c2d82e330ff9c70cf023b4c62d411e8407bcb38f85df591fa270717754b44?s=96&d=mm&r=g","url":"https:\/\/secure.gravatar.com\/avatar\/c61c2d82e330ff9c70cf023b4c62d411e8407bcb38f85df591fa270717754b44?s=96&d=mm&r=g","height":96,"width":96}},"publisher":{"@type":"Organization","name":"marienbad-thc.cz","logo":{"@type":"ImageObject","@id":"\/logo.png","url":"\/logo.png","width":600,"height":60}},"image":{"@type":"ImageObject","@id":"https:\/\/www.marienbad-thc.cz\/wp-content\/uploads\/img_a289943_w1939_t1501517556.jpg","url":"https:\/\/www.marienbad-thc.cz\/wp-content\/uploads\/img_a289943_w1939_t1501517556.jpg","height":0,"width":0},"keywords":null},{"@type":"Article","@id":"https:\/\/www.marienbad-thc.cz\/ulice-ozivene-umenim\/","headline":"Ulice o\u017eiven\u00e9 um\u011bn\u00edm","url":"https:\/\/www.marienbad-thc.cz\/ulice-ozivene-umenim\/","datePublished":"2025-03-06","dateModified":"2023-04-28","mainEntityOfPage":"https:\/\/www.marienbad-thc.cz\/ulice-ozivene-umenim\/","author":{"@type":"Person","@id":"https:\/\/www.marienbad-thc.cz\/author\/#Person","name":"marienbad-thc.cz\n","url":"https:\/\/www.marienbad-thc.cz\/author\/","identifier":1,"image":{"@type":"ImageObject","@id":"https:\/\/secure.gravatar.com\/avatar\/c61c2d82e330ff9c70cf023b4c62d411e8407bcb38f85df591fa270717754b44?s=96&d=mm&r=g","url":"https:\/\/secure.gravatar.com\/avatar\/c61c2d82e330ff9c70cf023b4c62d411e8407bcb38f85df591fa270717754b44?s=96&d=mm&r=g","height":96,"width":96}},"publisher":{"@type":"Organization","name":"marienbad-thc.cz","logo":{"@type":"ImageObject","@id":"\/logo.png","url":"\/logo.png","width":600,"height":60}},"image":{"@type":"ImageObject","@id":"https:\/\/www.marienbad-thc.cz\/wp-content\/uploads\/img_a289944_w1939_t1501517684.jpg","url":"https:\/\/www.marienbad-thc.cz\/wp-content\/uploads\/img_a289944_w1939_t1501517684.jpg","height":0,"width":0},"keywords":null},{"@type":"Article","@id":"https:\/\/www.marienbad-thc.cz\/kniha-jako-nejlepsi-pritel-cloveka-aneb-darek-ktery-nikdy-neurazi\/","headline":"Kniha jako nejlep\u0161\u00ed p\u0159\u00edtel \u010dlov\u011bka aneb d\u00e1rek, kter\u00fd nikdy neuraz\u00ed","url":"https:\/\/www.marienbad-thc.cz\/kniha-jako-nejlepsi-pritel-cloveka-aneb-darek-ktery-nikdy-neurazi\/","datePublished":"2025-03-05","dateModified":"2023-04-28","mainEntityOfPage":"https:\/\/www.marienbad-thc.cz\/kniha-jako-nejlepsi-pritel-cloveka-aneb-darek-ktery-nikdy-neurazi\/","author":{"@type":"Person","@id":"https:\/\/www.marienbad-thc.cz\/author\/#Person","name":"marienbad-thc.cz\n","url":"https:\/\/www.marienbad-thc.cz\/author\/","identifier":1,"image":{"@type":"ImageObject","@id":"https:\/\/secure.gravatar.com\/avatar\/c61c2d82e330ff9c70cf023b4c62d411e8407bcb38f85df591fa270717754b44?s=96&d=mm&r=g","url":"https:\/\/secure.gravatar.com\/avatar\/c61c2d82e330ff9c70cf023b4c62d411e8407bcb38f85df591fa270717754b44?s=96&d=mm&r=g","height":96,"width":96}},"publisher":{"@type":"Organization","name":"marienbad-thc.cz","logo":{"@type":"ImageObject","@id":"\/logo.png","url":"\/logo.png","width":600,"height":60}},"image":{"@type":"ImageObject","@id":"https:\/\/www.marienbad-thc.cz\/wp-content\/uploads\/img_a300961_w1939_t1511039952.jpg","url":"https:\/\/www.marienbad-thc.cz\/wp-content\/uploads\/img_a300961_w1939_t1511039952.jpg","height":0,"width":0},"keywords":null},{"@type":"Article","@id":"https:\/\/www.marienbad-thc.cz\/vlci-smecka-na-lovu\/","headline":"VL\u010c\u00cd SME\u010cKA NA LOVU","url":"https:\/\/www.marienbad-thc.cz\/vlci-smecka-na-lovu\/","datePublished":"2025-03-03","dateModified":"2023-04-28","mainEntityOfPage":"https:\/\/www.marienbad-thc.cz\/vlci-smecka-na-lovu\/","author":{"@type":"Person","@id":"https:\/\/www.marienbad-thc.cz\/author\/#Person","name":"marienbad-thc.cz\n","url":"https:\/\/www.marienbad-thc.cz\/author\/","identifier":1,"image":{"@type":"ImageObject","@id":"https:\/\/secure.gravatar.com\/avatar\/c61c2d82e330ff9c70cf023b4c62d411e8407bcb38f85df591fa270717754b44?s=96&d=mm&r=g","url":"https:\/\/secure.gravatar.com\/avatar\/c61c2d82e330ff9c70cf023b4c62d411e8407bcb38f85df591fa270717754b44?s=96&d=mm&r=g","height":96,"width":96}},"publisher":{"@type":"Organization","name":"marienbad-thc.cz","logo":{"@type":"ImageObject","@id":"\/logo.png","url":"\/logo.png","width":600,"height":60}},"image":{"@type":"ImageObject","@id":"https:\/\/www.marienbad-thc.cz\/wp-content\/uploads\/img_a305590_w1939_t1517068223.jpg","url":"https:\/\/www.marienbad-thc.cz\/wp-content\/uploads\/img_a305590_w1939_t1517068223.jpg","height":0,"width":0},"keywords":null},{"@type":"Article","@id":"https:\/\/www.marienbad-thc.cz\/kouzlo-ceskeho-jazyka\/","headline":"Kouzlo \u010desk\u00e9ho jazyka","url":"https:\/\/www.marienbad-thc.cz\/kouzlo-ceskeho-jazyka\/","datePublished":"2025-03-01","dateModified":"2023-04-28","mainEntityOfPage":"https:\/\/www.marienbad-thc.cz\/kouzlo-ceskeho-jazyka\/","author":{"@type":"Person","@id":"https:\/\/www.marienbad-thc.cz\/author\/#Person","name":"marienbad-thc.cz\n","url":"https:\/\/www.marienbad-thc.cz\/author\/","identifier":1,"image":{"@type":"ImageObject","@id":"https:\/\/secure.gravatar.com\/avatar\/c61c2d82e330ff9c70cf023b4c62d411e8407bcb38f85df591fa270717754b44?s=96&d=mm&r=g","url":"https:\/\/secure.gravatar.com\/avatar\/c61c2d82e330ff9c70cf023b4c62d411e8407bcb38f85df591fa270717754b44?s=96&d=mm&r=g","height":96,"width":96}},"publisher":{"@type":"Organization","name":"marienbad-thc.cz","logo":{"@type":"ImageObject","@id":"\/logo.png","url":"\/logo.png","width":600,"height":60}},"image":{"@type":"ImageObject","@id":"https:\/\/www.marienbad-thc.cz\/wp-content\/uploads\/img_a289945_w1939_t1501517799.jpg","url":"https:\/\/www.marienbad-thc.cz\/wp-content\/uploads\/img_a289945_w1939_t1501517799.jpg","height":0,"width":0},"keywords":null},{"@type":"Article","@id":"https:\/\/www.marienbad-thc.cz\/hudba-starych-zidu\/","headline":"Hudba star\u00fdch \u017eid\u016f","url":"https:\/\/www.marienbad-thc.cz\/hudba-starych-zidu\/","datePublished":"2025-03-01","dateModified":"2023-04-28","mainEntityOfPage":"https:\/\/www.marienbad-thc.cz\/hudba-starych-zidu\/","author":{"@type":"Person","@id":"https:\/\/www.marienbad-thc.cz\/author\/#Person","name":"marienbad-thc.cz\n","url":"https:\/\/www.marienbad-thc.cz\/author\/","identifier":1,"image":{"@type":"ImageObject","@id":"https:\/\/secure.gravatar.com\/avatar\/c61c2d82e330ff9c70cf023b4c62d411e8407bcb38f85df591fa270717754b44?s=96&d=mm&r=g","url":"https:\/\/secure.gravatar.com\/avatar\/c61c2d82e330ff9c70cf023b4c62d411e8407bcb38f85df591fa270717754b44?s=96&d=mm&r=g","height":96,"width":96}},"publisher":{"@type":"Organization","name":"marienbad-thc.cz","logo":{"@type":"ImageObject","@id":"\/logo.png","url":"\/logo.png","width":600,"height":60}},"image":{"@type":"ImageObject","@id":"https:\/\/www.marienbad-thc.cz\/wp-content\/uploads\/img_a335884_w1939_t1549190610.jpg","url":"https:\/\/www.marienbad-thc.cz\/wp-content\/uploads\/img_a335884_w1939_t1549190610.jpg","height":0,"width":0},"keywords":null},{"@type":"Article","@id":"https:\/\/www.marienbad-thc.cz\/velke-losiny-zazitek-pro-vsechny-generace\/","headline":"Velk\u00e9 Losiny \u2013 z\u00e1\u017eitek pro v\u0161echny generace","url":"https:\/\/www.marienbad-thc.cz\/velke-losiny-zazitek-pro-vsechny-generace\/","datePublished":"2025-02-28","dateModified":"2023-04-28","mainEntityOfPage":"https:\/\/www.marienbad-thc.cz\/velke-losiny-zazitek-pro-vsechny-generace\/","author":{"@type":"Person","@id":"https:\/\/www.marienbad-thc.cz\/author\/#Person","name":"marienbad-thc.cz\n","url":"https:\/\/www.marienbad-thc.cz\/author\/","identifier":1,"image":{"@type":"ImageObject","@id":"https:\/\/secure.gravatar.com\/avatar\/c61c2d82e330ff9c70cf023b4c62d411e8407bcb38f85df591fa270717754b44?s=96&d=mm&r=g","url":"https:\/\/secure.gravatar.com\/avatar\/c61c2d82e330ff9c70cf023b4c62d411e8407bcb38f85df591fa270717754b44?s=96&d=mm&r=g","height":96,"width":96}},"publisher":{"@type":"Organization","name":"marienbad-thc.cz","logo":{"@type":"ImageObject","@id":"\/logo.png","url":"\/logo.png","width":600,"height":60}},"image":{"@type":"ImageObject","@id":"https:\/\/www.marienbad-thc.cz\/wp-content\/uploads\/img_a299123_w1939_t1509175810.jpg","url":"https:\/\/www.marienbad-thc.cz\/wp-content\/uploads\/img_a299123_w1939_t1509175810.jpg","height":0,"width":0},"keywords":null},{"@type":"Article","@id":"https:\/\/www.marienbad-thc.cz\/zimni-zabava-s-detmi\/","headline":"Zimn\u00ed z\u00e1bava s d\u011btmi","url":"https:\/\/www.marienbad-thc.cz\/zimni-zabava-s-detmi\/","datePublished":"2019-10-24","dateModified":"2023-04-28","mainEntityOfPage":"https:\/\/www.marienbad-thc.cz\/zimni-zabava-s-detmi\/","author":{"@type":"Person","@id":"https:\/\/www.marienbad-thc.cz\/author\/#Person","name":"marienbad-thc.cz\n","url":"https:\/\/www.marienbad-thc.cz\/author\/","identifier":1,"image":{"@type":"ImageObject","@id":"https:\/\/secure.gravatar.com\/avatar\/c61c2d82e330ff9c70cf023b4c62d411e8407bcb38f85df591fa270717754b44?s=96&d=mm&r=g","url":"https:\/\/secure.gravatar.com\/avatar\/c61c2d82e330ff9c70cf023b4c62d411e8407bcb38f85df591fa270717754b44?s=96&d=mm&r=g","height":96,"width":96}},"publisher":{"@type":"Organization","name":"marienbad-thc.cz","logo":{"@type":"ImageObject","@id":"\/logo.png","url":"\/logo.png","width":600,"height":60}},"image":{"@type":"ImageObject","@id":"https:\/\/www.marienbad-thc.cz\/wp-content\/uploads\/img_a365417_w1939_t1578296991.jpg","url":"https:\/\/www.marienbad-thc.cz\/wp-content\/uploads\/img_a365417_w1939_t1578296991.jpg","height":0,"width":0},"keywords":null},{"@type":"Article","@id":"https:\/\/www.marienbad-thc.cz\/predvanocni-relaxace-pro-pary-i-rodiny\/","headline":"P\u0159edv\u00e1no\u010dn\u00ed relaxace pro p\u00e1ry i rodiny","url":"https:\/\/www.marienbad-thc.cz\/predvanocni-relaxace-pro-pary-i-rodiny\/","datePublished":"2019-09-26","dateModified":"2023-11-06","mainEntityOfPage":"https:\/\/www.marienbad-thc.cz\/predvanocni-relaxace-pro-pary-i-rodiny\/","author":{"@type":"Person","@id":"https:\/\/www.marienbad-thc.cz\/author\/#Person","name":"marienbad-thc.cz\n","url":"https:\/\/www.marienbad-thc.cz\/author\/","identifier":1,"image":{"@type":"ImageObject","@id":"https:\/\/secure.gravatar.com\/avatar\/c61c2d82e330ff9c70cf023b4c62d411e8407bcb38f85df591fa270717754b44?s=96&d=mm&r=g","url":"https:\/\/secure.gravatar.com\/avatar\/c61c2d82e330ff9c70cf023b4c62d411e8407bcb38f85df591fa270717754b44?s=96&d=mm&r=g","height":96,"width":96}},"publisher":{"@type":"Organization","name":"marienbad-thc.cz","logo":{"@type":"ImageObject","@id":"\/logo.png","url":"\/logo.png","width":600,"height":60}},"image":{"@type":"ImageObject","@id":"https:\/\/www.marienbad-thc.cz\/wp-content\/uploads\/img_a362464_w1939_t1575619791.jpg","url":"https:\/\/www.marienbad-thc.cz\/wp-content\/uploads\/img_a362464_w1939_t1575619791.jpg","height":0,"width":0},"keywords":null}]}