[{"@context":"https:\/\/schema.org\/","@type":"Article","@id":"https:\/\/www.marienbad-thc.cz\/kam-s-navstevou\/#Article","mainEntityOfPage":"https:\/\/www.marienbad-thc.cz\/kam-s-navstevou\/","headline":"Kam s n\u00e1v\u0161t\u011bvou?","name":"Kam s n\u00e1v\u0161t\u011bvou?","description":"Kter\u00e9 okolnosti hraj\u00ed roli \u00b7\u00a0\u00a0\u00a0\u00a0\u00a0\u00a0\u00a0\u00a0 Kolik lid\u00ed p\u0159ijde Pozvala jsem jednu kamar\u00e1dku nebo deset p\u0159\u00e1tel? \u00b7\u00a0\u00a0\u00a0\u00a0\u00a0\u00a0\u00a0\u00a0 Na jak dlouho Jedn\u00e1 se o rychl\u00e9 kafe nebo se bude cel\u00fd den slavit? \u00b7\u00a0\u00a0\u00a0\u00a0\u00a0\u00a0\u00a0\u00a0 Jak dob\u0159e je zn\u00e1m Je to dobr\u00e1 kamar\u00e1dka nebo nov\u00ed soused\u00e9, p\u0159\u00edpadn\u011b kolegov\u00e9 z\u00a0pr\u00e1ce nebo n\u011bkdo z\u00a0rodiny? P\u0159ed n\u011bk\u00fdm se chceme vyt\u00e1hnout, p\u0159ed jin\u00fdm [&hellip;]","datePublished":"2025-03-06","dateModified":"2023-04-28","author":{"@type":"Person","@id":"https:\/\/www.marienbad-thc.cz\/author\/#Person","name":"marienbad-thc.cz\n","url":"https:\/\/www.marienbad-thc.cz\/author\/","identifier":1,"image":{"@type":"ImageObject","@id":"https:\/\/secure.gravatar.com\/avatar\/c61c2d82e330ff9c70cf023b4c62d411e8407bcb38f85df591fa270717754b44?s=96&d=mm&r=g","url":"https:\/\/secure.gravatar.com\/avatar\/c61c2d82e330ff9c70cf023b4c62d411e8407bcb38f85df591fa270717754b44?s=96&d=mm&r=g","height":96,"width":96}},"publisher":{"@type":"Organization","name":"marienbad-thc.cz","logo":{"@type":"ImageObject","@id":"\/logo.png","url":"\/logo.png","width":600,"height":60}},"image":{"@type":"ImageObject","@id":"https:\/\/www.marienbad-thc.cz\/wp-content\/uploads\/img_a299375_w1939_t1509391681.jpg","url":"https:\/\/www.marienbad-thc.cz\/wp-content\/uploads\/img_a299375_w1939_t1509391681.jpg","height":0,"width":0},"url":"https:\/\/www.marienbad-thc.cz\/kam-s-navstevou\/","about":["D\u016fm a zahrada"],"wordCount":449,"articleBody":"\tKter\u00e9 okolnosti hraj\u00ed roli\u00b7\u00a0\u00a0\u00a0\u00a0\u00a0\u00a0\u00a0\u00a0 Kolik lid\u00ed p\u0159ijdePozvala jsem jednu kamar\u00e1dku nebo deset p\u0159\u00e1tel?\u00b7\u00a0\u00a0\u00a0\u00a0\u00a0\u00a0\u00a0\u00a0 Na jak dlouhoJedn\u00e1 se o rychl\u00e9 kafe nebo se bude cel\u00fd den slavit?\u00b7\u00a0\u00a0\u00a0\u00a0\u00a0\u00a0\u00a0\u00a0 Jak dob\u0159e je zn\u00e1mJe to dobr\u00e1 kamar\u00e1dka nebo nov\u00ed soused\u00e9, p\u0159\u00edpadn\u011b kolegov\u00e9 z\u00a0pr\u00e1ce nebo n\u011bkdo z\u00a0rodiny? P\u0159ed n\u011bk\u00fdm se chceme vyt\u00e1hnout, p\u0159ed jin\u00fdm nem\u00e1me co skr\u00fdvat.\u00b7\u00a0\u00a0\u00a0\u00a0\u00a0\u00a0\u00a0\u00a0 Za jak\u00fdm \u00fa\u010delem doraz\u00edJedn\u00e1 se o n\u011bjakou oslavu, ob\u011bd, ve\u010de\u0159i nebo posezen\u00ed u sklenky v\u00edna, \u010di hrnku k\u00e1vy nebo\u00a0 p\u0159i\u0161la kamar\u00e1dka s\u00a0d\u00edt\u011btem, aby si ratolesti pohr\u00e1ly?Na tom v\u0161em z\u00e1le\u017e\u00ed, zda si sednete ke kuchy\u0148sk\u00e9mu stolu nebo na zem do d\u011btsk\u00e9ho pokoj\u00edku, \u010di na pohovku do ob\u00fdv\u00e1ku.\u00a0 Podle toho m\u00e1me i sezen\u00ed p\u0159ipraven\u00e9. Tedy v\u011bt\u0161inou. Dnes je to sice ji\u017e sp\u00ed\u0161e v\u00fdjimkou, ale st\u00e1le se V\u00e1m je\u0161t\u011b m\u016f\u017ee st\u00e1t, \u017ee doraz\u00ed n\u00e1v\u0161t\u011bva nehl\u00e1\u0161en\u00e1. Sousedka na kafe nebo p\u0159\u00edbuzn\u00fd, kter\u00fd jede zrovna okolo. Neb\u00fdv\u00e1 to pro v\u011bt\u0161inu z\u00a0n\u00e1s zrovna p\u0159\u00edjemn\u00e9, proto\u017ee ruku na srdce, kdo m\u00edv\u00e1 doma permanentn\u011b uklizeno a kdo se za nepo\u0159\u00e1dek nestyd\u00ed?Nicm\u00e9n\u011b i u hl\u00e1\u0161en\u00e9 n\u00e1v\u0161t\u011bvy m\u016f\u017ee nastat trapn\u011bj\u0161\u00ed situace, kdy host nepochop\u00ed (nechce pochopit), \u017ee m\u00e1 z\u016fstat sed\u011bt na gau\u010di a n\u00e1sleduje V\u00e1s po cel\u00e9m byt\u011b. Do kuchyn\u011b nebo do pracovny, \u010di dokonce do lo\u017enice. U\u017e i to se mi u zv\u011bdav\u00fdch zn\u00e1m\u00fdch stalo. Nepat\u0159\u00edm k\u00a0lidem, kte\u0159\u00ed prov\u00e1z\u00ed n\u00e1v\u0161t\u011bvy cel\u00fdm bytem nebo domem a chlub\u00ed se, jak maj\u00ed co za\u0159\u00edzen\u00e9. Opravdu to nem\u00e1m r\u00e1da. Nezaj\u00edm\u00e1 m\u011b to ani u ostatn\u00edch, ale chce-li m\u011b n\u011bkdo prov\u00e9st a pochlubit se, ze slu\u0161nosti neodm\u00edt\u00e1m. Doma to ov\u0161em nenab\u00edz\u00edm a nesu nelib\u011b, kdy\u017e si to n\u011bkdo vy\u017e\u00e1d\u00e1. Nebo kdy\u017e d\u011bti n\u00e1v\u0161t\u011bvy couraj\u00ed po cel\u00e9m dom\u011b a otev\u00edraj\u00ed sk\u0159\u00edn\u011b a rodi\u010de je neum\u00ed usm\u011brnit.Proto je pro m\u011b lep\u0161\u00ed sez\u00f3nou pro n\u00e1v\u0161t\u011bvy l\u00e9to. V\u00a0rodinn\u00e9m dom\u011b m\u00e1me toti\u017e mo\u017enost vyu\u017e\u00edt zahradu. Tam se nab\u00edz\u00ed posezen\u00ed pod pergolou, p\u0159\u00edpadn\u011b v\u00a0zahradn\u00edm alt\u00e1nu nebo jen tak pod slune\u010dn\u00edkem. D\u011bti maj\u00ed dost prostoru na vyb\u011bh\u00e1n\u00ed a \u010dlov\u011bk nemus\u00ed m\u00edt doma naklizeno.                                                                                                                                                                                                                                                                                                                                                                                                "},{"@context":"https:\/\/schema.org\/","@type":"BreadcrumbList","itemListElement":[{"@type":"ListItem","position":1,"name":"Kam s n\u00e1v\u0161t\u011bvou?","item":"https:\/\/www.marienbad-thc.cz\/kam-s-navstevou\/#breadcrumbitem"}]}]