[{"@context":"https:\/\/schema.org\/","@type":"Article","@id":"https:\/\/www.marienbad-thc.cz\/dodejte-interieru-eleganci-se-sklenenym-zabradlim\/#Article","mainEntityOfPage":"https:\/\/www.marienbad-thc.cz\/dodejte-interieru-eleganci-se-sklenenym-zabradlim\/","headline":"Dodejte interi\u00e9ru eleganci se sklen\u011bn\u00fdm z\u00e1bradl\u00edm","name":"Dodejte interi\u00e9ru eleganci se sklen\u011bn\u00fdm z\u00e1bradl\u00edm","description":"Luxusn\u00ed vzhled skla vid\u00edme nej\u010dast\u011bji v s\u00eddlech velk\u00fdch spole\u010dnost\u00ed, kde vypadaj\u00ed velmi reprezentativn\u011b. To ale neznamen\u00e1, \u017ee se hod\u00ed pouze tam. Typ\u016f designu je cel\u00fd nespo\u010det a starosti si nemus\u00edte d\u011blat ani s bezpe\u010dnost\u00ed. Kde v\u0161ude je m\u016f\u017eete vyu\u017e\u00edt? Interi\u00e9r i exteri\u00e9r Sklen\u011bn\u00e9 z\u00e1bradl\u00ed dokonale padne nejen ke schodi\u0161ti, ale tak\u00e9 na balkon, terasu nebo [&hellip;]","datePublished":"2019-08-25","dateModified":"2023-04-28","author":{"@type":"Person","@id":"https:\/\/www.marienbad-thc.cz\/author\/#Person","name":"marienbad-thc.cz\n","url":"https:\/\/www.marienbad-thc.cz\/author\/","identifier":1,"image":{"@type":"ImageObject","@id":"https:\/\/secure.gravatar.com\/avatar\/c61c2d82e330ff9c70cf023b4c62d411e8407bcb38f85df591fa270717754b44?s=96&d=mm&r=g","url":"https:\/\/secure.gravatar.com\/avatar\/c61c2d82e330ff9c70cf023b4c62d411e8407bcb38f85df591fa270717754b44?s=96&d=mm&r=g","height":96,"width":96}},"publisher":{"@type":"Organization","name":"marienbad-thc.cz","logo":{"@type":"ImageObject","@id":"\/logo.png","url":"\/logo.png","width":600,"height":60}},"image":{"@type":"ImageObject","@id":"https:\/\/www.marienbad-thc.cz\/wp-content\/uploads\/img_a363825_w1939_t1576519945.jpg","url":"https:\/\/www.marienbad-thc.cz\/wp-content\/uploads\/img_a363825_w1939_t1576519945.jpg","height":0,"width":0},"url":"https:\/\/www.marienbad-thc.cz\/dodejte-interieru-eleganci-se-sklenenym-zabradlim\/","about":["Zbo\u017e\u00ed"],"wordCount":439,"articleBody":"            Luxusn\u00ed vzhled skla vid\u00edme nej\u010dast\u011bji v s\u00eddlech velk\u00fdch spole\u010dnost\u00ed, kde vypadaj\u00ed velmi reprezentativn\u011b. To ale neznamen\u00e1, \u017ee se hod\u00ed pouze tam. Typ\u016f designu je cel\u00fd nespo\u010det a starosti si nemus\u00edte d\u011blat ani s bezpe\u010dnost\u00ed. Kde v\u0161ude je m\u016f\u017eete vyu\u017e\u00edt?  Interi\u00e9r i exteri\u00e9r Sklen\u011bn\u00e9 z\u00e1bradl\u00ed dokonale padne nejen ke schodi\u0161ti, ale tak\u00e9 na balkon, terasu nebo k francouzsk\u00e9mu oknu. A\u0165 se rozhodnete do um\u00edstit kamkoli, neud\u011bl\u00e1te chybu. P\u016fsob\u00ed velmi jednodu\u0161e, vzdu\u0161n\u011b, lehce a dok\u00e1\u017ee snadno proz\u00e1\u0159it cel\u00fd prostor. Proto se skv\u011ble hod\u00ed nejen do firemn\u00edch s\u00eddel, ale tak\u00e9 do b\u011b\u017en\u00fdch rodinn\u00fdch dom\u016f. S \u010d\u00edm ho kombinovat? M\u016f\u017eete si samoz\u0159ejm\u011b zvolit celosklen\u011bnou variantu. Volba je to rozhodn\u011b jedine\u010dn\u00e1, proto\u017ee si ji p\u0159\u00edli\u0161 lid\u00ed nepo\u0159izuje. Ve v\u011bt\u0161in\u011b p\u0159\u00edpad\u016f se kombinuje s dal\u0161\u00edm materi\u00e1lem. Doplnit je m\u016f\u017eete nerezov\u00fdmi nebo ocelov\u00fdmi sloupky. \u010castou mo\u017enost\u00ed jsou ale tak\u00e9 d\u0159ev\u011bn\u00e1, ocelov\u00e1 \u010di nerezov\u00e1 madla. Z\u00e1le\u017e\u00ed pouze na tom, jak\u00fd m\u00e1te vkus a v jak\u00e9m stylu je zbytek prostoru. Bezpe\u010dn\u00e9 i pro rodiny s d\u011btmi Bezpe\u010dnost je u tohoto produktu je\u0161t\u011b d\u016fle\u017eit\u011bj\u0161\u00ed ne\u017e vzhled. M\u00e1te-li doma mal\u00e9 d\u011bti, z\u00e1le\u017e\u00ed v\u00e1m na tom jist\u011b dvojn\u00e1sob. Zde se o to nemus\u00edte ob\u00e1vat. Z\u00e1bradl\u00ed se vyr\u00e1b\u00ed z vrstven\u00e9ho materi\u00e1lu, co\u017e z n\u011bj d\u011bl\u00e1 velmi odoln\u00fd povrch. Ve v\u011bt\u0161in\u011b p\u0159\u00edpad\u016f se nerozbije ani p\u0159i n\u00e1razu tup\u00e9ho i ostr\u00e9ho p\u0159edm\u011btu. Pokud se rozbije, tak ov\u0161em z\u016fstane ve stejn\u00e9 konzistenci a nerozt\u0159\u00ed\u0161t\u00ed se do v\u0161ech stran. Jedn\u00e1 se o stejn\u00fd efekt, kter\u00e1 se vyu\u017e\u00edv\u00e1 u v\u00fdroby \u010deln\u00edch skel do automobil\u016f. Jedn\u00e1 se tak o ide\u00e1ln\u00ed materi\u00e1l i do rodiny s mal\u00fdmi d\u011btmi, u kter\u00fdch se m\u016f\u017ee snadno st\u00e1t, \u017ee na z\u00e1bradl\u00ed hod\u00ed n\u011bjakou hra\u010dku, anebo do n\u011bj sami naraz\u00ed. Snadn\u00e1 \u00fadr\u017eba \u010ci\u0161t\u011bn\u00ed tak\u00e9 na\u0161t\u011bst\u00ed nen\u00ed \u017e\u00e1dn\u00e1 v\u011bda. Sta\u010d\u00ed vz\u00edt jen navlh\u010den\u00fd had\u0159\u00edk a celou konstrukci ot\u0159\u00edt. Nikdo z n\u00e1s se nechce d\u00edvat na \u0161mouhy, a proto existuj\u00ed speci\u00e1ln\u00ed \u010distidla, kter\u00e1 b\u011b\u017en\u011b pou\u017e\u00edv\u00e1te nap\u0159. p\u0159i myt\u00ed oken. Pokud doma nem\u00e1te mal\u00e9 d\u011bti, tak bytov\u00fd dopln\u011bk jist\u011b nebudete muset le\u0161tit p\u0159\u00edli\u0161 \u010dasto.                                                                                                                                                                                                                                                                                                                                                                                                  "},{"@context":"https:\/\/schema.org\/","@type":"BreadcrumbList","itemListElement":[{"@type":"ListItem","position":1,"name":"Dodejte interi\u00e9ru eleganci se sklen\u011bn\u00fdm z\u00e1bradl\u00edm","item":"https:\/\/www.marienbad-thc.cz\/dodejte-interieru-eleganci-se-sklenenym-zabradlim\/#breadcrumbitem"}]}]