[{"@context":"https:\/\/schema.org\/","@type":"Article","@id":"https:\/\/www.marienbad-thc.cz\/do-detskeho-pokoje-patri-nabytek-z-masivu\/#Article","mainEntityOfPage":"https:\/\/www.marienbad-thc.cz\/do-detskeho-pokoje-patri-nabytek-z-masivu\/","headline":"Do d\u011btsk\u00e9ho pokoje pat\u0159\u00ed n\u00e1bytek z masivu","name":"Do d\u011btsk\u00e9ho pokoje pat\u0159\u00ed n\u00e1bytek z masivu","description":"Chyst\u00e1te se vybavit http:\/\/rkosm.cz\/2017\/11\/21\/jsme-radi-ze-jsme-meli-stesti-pobyvat-v-arteku\/ d\u011btsk\u00fd pokoj va\u0161ich ratolest\u00ed? \u017dijete v mal\u00e9m byt\u011b, a ka\u017ed\u00fd centimetr m\u00edsta je pro v\u00e1s d\u016fle\u017eit\u00fd? Nem\u016f\u017eete si dovolit dop\u0159\u00e1t sv\u00fdm d\u011btem samostatn\u00e9 pokoje? Skv\u011bl\u00fdm \u0159e\u0161en\u00edm, jak u\u0161et\u0159it m\u00edsto v byt\u011b, a p\u0159itom d\u011btem dop\u0159\u00e1t komfortn\u00ed vybaven\u00ed jejich pokoje, je koupit jim d\u0159ev\u011bn\u00e9 patrov\u00e9 postele 90&#215;190 cm od Masivn\u00ed d\u0159ev\u011bn\u00fd n\u00e1bytek. [&hellip;]","datePublished":"2019-08-25","dateModified":"2023-10-10","author":{"@type":"Person","@id":"https:\/\/www.marienbad-thc.cz\/author\/#Person","name":"marienbad-thc.cz\n","url":"https:\/\/www.marienbad-thc.cz\/author\/","identifier":1,"image":{"@type":"ImageObject","@id":"https:\/\/secure.gravatar.com\/avatar\/c61c2d82e330ff9c70cf023b4c62d411e8407bcb38f85df591fa270717754b44?s=96&d=mm&r=g","url":"https:\/\/secure.gravatar.com\/avatar\/c61c2d82e330ff9c70cf023b4c62d411e8407bcb38f85df591fa270717754b44?s=96&d=mm&r=g","height":96,"width":96}},"publisher":{"@type":"Organization","name":"marienbad-thc.cz","logo":{"@type":"ImageObject","@id":"\/logo.png","url":"\/logo.png","width":600,"height":60}},"image":{"@type":"ImageObject","@id":"https:\/\/www.marienbad-thc.cz\/wp-content\/uploads\/img_a358968_w1939_t1573140337.jpg","url":"https:\/\/www.marienbad-thc.cz\/wp-content\/uploads\/img_a358968_w1939_t1573140337.jpg","height":0,"width":0},"url":"https:\/\/www.marienbad-thc.cz\/do-detskeho-pokoje-patri-nabytek-z-masivu\/","about":["Zbo\u017e\u00ed"],"wordCount":370,"articleBody":"       Chyst\u00e1te se vybavit  http:\/\/rkosm.cz\/2017\/11\/21\/jsme-radi-ze-jsme-meli-stesti-pobyvat-v-arteku\/ d\u011btsk\u00fd pokoj va\u0161ich ratolest\u00ed? \u017dijete v mal\u00e9m byt\u011b, a ka\u017ed\u00fd centimetr m\u00edsta je pro v\u00e1s d\u016fle\u017eit\u00fd? Nem\u016f\u017eete si dovolit dop\u0159\u00e1t sv\u00fdm d\u011btem samostatn\u00e9 pokoje? Skv\u011bl\u00fdm \u0159e\u0161en\u00edm, jak u\u0161et\u0159it m\u00edsto v byt\u011b, a p\u0159itom d\u011btem dop\u0159\u00e1t komfortn\u00ed vybaven\u00ed jejich pokoje, je koupit jim d\u0159ev\u011bn\u00e9 patrov\u00e9 postele 90&#215;190 cm od Masivn\u00ed d\u0159ev\u011bn\u00fd n\u00e1bytek. Pr\u00e1v\u011b patrov\u00e9 postele jsou v takov\u00e9m p\u0159\u00edpad\u011b s\u00e1zkou na jistotu, proto\u017ee ve skute\u010dnosti zaberou pouze polovinu m\u00edsta oproti situaci, kdy byste museli ve\u0161ker\u00fd n\u00e1bytek po\u0159izovat dvakr\u00e1t. Ob\u011b dv\u011b va\u0161e d\u011bti se v\u00fdborn\u011b vysp\u00ed, a p\u0159itom jim v jejich spole\u010dn\u00e9m pokoji z\u016fstane v\u00edce m\u00edsta. A rozhodn\u011b nemus\u00edte m\u00edt strach, \u017ee by v horn\u00edm pat\u0159e nikdo necht\u011bl pob\u00fdvat \u2013 ba naopak, zku\u0161enosti z praxe ukazuj\u00ed, \u017ee pr\u00e1v\u011b zv\u00fd\u0161en\u00e1 matrace je mezi d\u011btmi tou atraktivn\u011bj\u0161\u00ed. Takov\u00e9to uspo\u0159\u00e1d\u00e1n\u00ed sk\u00fdt\u00e1 nav\u00edc mnoho mo\u017enost\u00ed her, a tedy i z\u00e1bavy. Kdy\u017e budete m\u00edt pod n\u00e1bytkem je\u0161t\u011b nav\u00edc i praktick\u00fd v\u00fdsuvn\u00fd \u0161upl\u00edk, op\u011bt u\u0161et\u0159\u00edte m\u00edsto v pokoji, a z\u00edsk\u00e1te tolik pot\u0159ebn\u00e9 \u00falo\u017en\u00e9 prostory nav\u00edc.  Jak\u00fd materi\u00e1l zvolit? R\u016fzn\u00fdch druh\u016f n\u00e1bytku je dnes na trhu cel\u00e1 \u0159ada druh\u016f. Pravda ov\u0161em je, \u017ee do d\u011btsk\u00e9ho pokoje je nejlep\u0161\u00ed volbou n\u00e1bytek z masivn\u00edho d\u0159eva. Jedin\u011b poctiv\u00e9 p\u0159\u00edrodn\u00ed d\u0159evo je sto procentn\u011b zdravotn\u011b nez\u00e1vadn\u00fdm materi\u00e1lem, ze kter\u00e9ho se do okol\u00ed nebudou uvol\u0148ovat \u017e\u00e1dn\u00e9 \u0161kodliv\u00e9 v\u00fdpary a va\u0161e d\u011bti tak budou v bezpe\u010d\u00ed. A v\u00e1s jist\u011b pot\u011b\u0161\u00ed i to, \u017ee s\u00e1zka na masiv je s\u00e1zkou na prakticky nerozbitn\u00fd materi\u00e1l, kter\u00fd je mo\u017en\u00e9 snadno opravit. Jestli\u017ee d\u011bti n\u00e1bytek poni\u010d\u00ed, po\u0161kr\u00e1bou, pomaluj\u00ed \u2013 m\u016f\u017eete posti\u017een\u00e9 m\u00edsto obrousit a znovu nalakovat, tak\u017ee nic nebude vid\u011bt.                                                                                                                                                                                                                                                                                                                                                                                                  "},{"@context":"https:\/\/schema.org\/","@type":"BreadcrumbList","itemListElement":[{"@type":"ListItem","position":1,"name":"Do d\u011btsk\u00e9ho pokoje pat\u0159\u00ed n\u00e1bytek z masivu","item":"https:\/\/www.marienbad-thc.cz\/do-detskeho-pokoje-patri-nabytek-z-masivu\/#breadcrumbitem"}]}]