{"@context":"https:\/\/schema.org\/","@type":"CollectionPage","@id":"https:\/\/www.marienbad-thc.cz\/deti\/#CollectionPage","headline":"D\u011bti Category","description":"","url":"https:\/\/www.marienbad-thc.cz\/deti\/","hasPart":[{"@type":"Article","@id":"https:\/\/www.marienbad-thc.cz\/jak-na-bezpecny-spanek-u-deti\/","headline":"Jak na bezpe\u010dn\u00fd sp\u00e1nek u d\u011bt\u00ed","url":"https:\/\/www.marienbad-thc.cz\/jak-na-bezpecny-spanek-u-deti\/","datePublished":"2025-03-06","dateModified":"2023-04-28","mainEntityOfPage":"https:\/\/www.marienbad-thc.cz\/jak-na-bezpecny-spanek-u-deti\/","author":{"@type":"Person","@id":"https:\/\/www.marienbad-thc.cz\/author\/#Person","name":"marienbad-thc.cz\n","url":"https:\/\/www.marienbad-thc.cz\/author\/","identifier":1,"image":{"@type":"ImageObject","@id":"https:\/\/secure.gravatar.com\/avatar\/c61c2d82e330ff9c70cf023b4c62d411e8407bcb38f85df591fa270717754b44?s=96&d=mm&r=g","url":"https:\/\/secure.gravatar.com\/avatar\/c61c2d82e330ff9c70cf023b4c62d411e8407bcb38f85df591fa270717754b44?s=96&d=mm&r=g","height":96,"width":96}},"publisher":{"@type":"Organization","name":"marienbad-thc.cz","logo":{"@type":"ImageObject","@id":"\/logo.png","url":"\/logo.png","width":600,"height":60}},"image":{"@type":"ImageObject","@id":"https:\/\/www.marienbad-thc.cz\/wp-content\/uploads\/img_a307456_w2025_t1518722930.jpg","url":"https:\/\/www.marienbad-thc.cz\/wp-content\/uploads\/img_a307456_w2025_t1518722930.jpg","height":0,"width":0},"keywords":null},{"@type":"Article","@id":"https:\/\/www.marienbad-thc.cz\/cizi-jazyk-uz-v-materske-skole-ano-nebo-ne\/","headline":"Ciz\u00ed jazyk u\u017e v mate\u0159sk\u00e9 \u0161kole \u2013 ano nebo ne?","url":"https:\/\/www.marienbad-thc.cz\/cizi-jazyk-uz-v-materske-skole-ano-nebo-ne\/","datePublished":"2025-03-05","dateModified":"2023-04-28","mainEntityOfPage":"https:\/\/www.marienbad-thc.cz\/cizi-jazyk-uz-v-materske-skole-ano-nebo-ne\/","author":{"@type":"Person","@id":"https:\/\/www.marienbad-thc.cz\/author\/#Person","name":"marienbad-thc.cz\n","url":"https:\/\/www.marienbad-thc.cz\/author\/","identifier":1,"image":{"@type":"ImageObject","@id":"https:\/\/secure.gravatar.com\/avatar\/c61c2d82e330ff9c70cf023b4c62d411e8407bcb38f85df591fa270717754b44?s=96&d=mm&r=g","url":"https:\/\/secure.gravatar.com\/avatar\/c61c2d82e330ff9c70cf023b4c62d411e8407bcb38f85df591fa270717754b44?s=96&d=mm&r=g","height":96,"width":96}},"publisher":{"@type":"Organization","name":"marienbad-thc.cz","logo":{"@type":"ImageObject","@id":"\/logo.png","url":"\/logo.png","width":600,"height":60}},"image":{"@type":"ImageObject","@id":"https:\/\/www.marienbad-thc.cz\/wp-content\/uploads\/img_a341878_w1939_t1554803487.jpg","url":"https:\/\/www.marienbad-thc.cz\/wp-content\/uploads\/img_a341878_w1939_t1554803487.jpg","height":0,"width":0},"keywords":null},{"@type":"Article","@id":"https:\/\/www.marienbad-thc.cz\/prvni-boticky-pro-vase-detatko\/","headline":"Prvn\u00ed boti\u010dky pro va\u0161e d\u011b\u0165\u00e1tko","url":"https:\/\/www.marienbad-thc.cz\/prvni-boticky-pro-vase-detatko\/","datePublished":"2025-03-03","dateModified":"2023-04-28","mainEntityOfPage":"https:\/\/www.marienbad-thc.cz\/prvni-boticky-pro-vase-detatko\/","author":{"@type":"Person","@id":"https:\/\/www.marienbad-thc.cz\/author\/#Person","name":"marienbad-thc.cz\n","url":"https:\/\/www.marienbad-thc.cz\/author\/","identifier":1,"image":{"@type":"ImageObject","@id":"https:\/\/secure.gravatar.com\/avatar\/c61c2d82e330ff9c70cf023b4c62d411e8407bcb38f85df591fa270717754b44?s=96&d=mm&r=g","url":"https:\/\/secure.gravatar.com\/avatar\/c61c2d82e330ff9c70cf023b4c62d411e8407bcb38f85df591fa270717754b44?s=96&d=mm&r=g","height":96,"width":96}},"publisher":{"@type":"Organization","name":"marienbad-thc.cz","logo":{"@type":"ImageObject","@id":"\/logo.png","url":"\/logo.png","width":600,"height":60}},"image":{"@type":"ImageObject","@id":"https:\/\/www.marienbad-thc.cz\/wp-content\/uploads\/img_a306100_w1939_t1517336585.jpg","url":"https:\/\/www.marienbad-thc.cz\/wp-content\/uploads\/img_a306100_w1939_t1517336585.jpg","height":0,"width":0},"keywords":null},{"@type":"Article","@id":"https:\/\/www.marienbad-thc.cz\/rivalita-mezi-detskymi-sourozenci\/","headline":"Rivalita mezi d\u011btsk\u00fdmi sourozenci","url":"https:\/\/www.marienbad-thc.cz\/rivalita-mezi-detskymi-sourozenci\/","datePublished":"2023-04-28","dateModified":"2023-04-28","mainEntityOfPage":"https:\/\/www.marienbad-thc.cz\/rivalita-mezi-detskymi-sourozenci\/","author":{"@type":"Person","@id":"https:\/\/www.marienbad-thc.cz\/author\/#Person","name":"marienbad-thc.cz\n","url":"https:\/\/www.marienbad-thc.cz\/author\/","identifier":1,"image":{"@type":"ImageObject","@id":"https:\/\/secure.gravatar.com\/avatar\/c61c2d82e330ff9c70cf023b4c62d411e8407bcb38f85df591fa270717754b44?s=96&d=mm&r=g","url":"https:\/\/secure.gravatar.com\/avatar\/c61c2d82e330ff9c70cf023b4c62d411e8407bcb38f85df591fa270717754b44?s=96&d=mm&r=g","height":96,"width":96}},"publisher":{"@type":"Organization","name":"marienbad-thc.cz","logo":{"@type":"ImageObject","@id":"\/logo.png","url":"\/logo.png","width":600,"height":60}},"image":null,"keywords":null},{"@type":"Article","@id":"https:\/\/www.marienbad-thc.cz\/detska-radost-z-pohybu\/","headline":"D\u011btsk\u00e1 radost z pohybu","url":"https:\/\/www.marienbad-thc.cz\/detska-radost-z-pohybu\/","datePublished":"2023-04-28","dateModified":"2023-04-28","mainEntityOfPage":"https:\/\/www.marienbad-thc.cz\/detska-radost-z-pohybu\/","author":{"@type":"Person","@id":"https:\/\/www.marienbad-thc.cz\/author\/#Person","name":"marienbad-thc.cz\n","url":"https:\/\/www.marienbad-thc.cz\/author\/","identifier":1,"image":{"@type":"ImageObject","@id":"https:\/\/secure.gravatar.com\/avatar\/c61c2d82e330ff9c70cf023b4c62d411e8407bcb38f85df591fa270717754b44?s=96&d=mm&r=g","url":"https:\/\/secure.gravatar.com\/avatar\/c61c2d82e330ff9c70cf023b4c62d411e8407bcb38f85df591fa270717754b44?s=96&d=mm&r=g","height":96,"width":96}},"publisher":{"@type":"Organization","name":"marienbad-thc.cz","logo":{"@type":"ImageObject","@id":"\/logo.png","url":"\/logo.png","width":600,"height":60}},"image":null,"keywords":null},{"@type":"Article","@id":"https:\/\/www.marienbad-thc.cz\/pozvanka-do-detskeho-sveta-snu\/","headline":"Pozv\u00e1nka do d\u011btsk\u00e9ho sv\u011bta sn\u016f","url":"https:\/\/www.marienbad-thc.cz\/pozvanka-do-detskeho-sveta-snu\/","datePublished":"2023-04-28","dateModified":"2023-04-28","mainEntityOfPage":"https:\/\/www.marienbad-thc.cz\/pozvanka-do-detskeho-sveta-snu\/","author":{"@type":"Person","@id":"https:\/\/www.marienbad-thc.cz\/author\/#Person","name":"marienbad-thc.cz\n","url":"https:\/\/www.marienbad-thc.cz\/author\/","identifier":1,"image":{"@type":"ImageObject","@id":"https:\/\/secure.gravatar.com\/avatar\/c61c2d82e330ff9c70cf023b4c62d411e8407bcb38f85df591fa270717754b44?s=96&d=mm&r=g","url":"https:\/\/secure.gravatar.com\/avatar\/c61c2d82e330ff9c70cf023b4c62d411e8407bcb38f85df591fa270717754b44?s=96&d=mm&r=g","height":96,"width":96}},"publisher":{"@type":"Organization","name":"marienbad-thc.cz","logo":{"@type":"ImageObject","@id":"\/logo.png","url":"\/logo.png","width":600,"height":60}},"image":null,"keywords":null}]}