[{"@context":"https:\/\/schema.org\/","@type":"Article","@id":"https:\/\/www.marienbad-thc.cz\/budte-v-suchu\/#Article","mainEntityOfPage":"https:\/\/www.marienbad-thc.cz\/budte-v-suchu\/","headline":"Bu\u010fte v suchu","name":"Bu\u010fte v suchu","description":"Svatba je obrovsk\u00fd krok v \u017eivot\u011b ka\u017ed\u00e9ho \u010dlov\u011bka a tak je logick\u00e9, \u017ee si ji chce ka\u017ed\u00fd u\u017eit na maximum. V\u011bt\u0161ina p\u00e1r\u016f se p\u0159i pl\u00e1nov\u00e1n\u00ed svatby nech\u00e1v\u00e1 ovlivnit sou\u010dasn\u00fdmi trendy, kter\u00e9 jsou ka\u017ed\u00fd rok jin\u00e9. M\u011bn\u00ed se trendy ve v\u00fdrob\u011b, ka\u017ed\u00fd rok jsou v m\u00f3d\u011b jin\u00e9 \u0161aty a dokonce se m\u011bn\u00ed i trendy v dortech. [&hellip;]","datePublished":"2024-01-12","dateModified":"2024-02-13","author":{"@type":"Person","@id":"https:\/\/www.marienbad-thc.cz\/author\/#Person","name":"marienbad-thc.cz\n","url":"https:\/\/www.marienbad-thc.cz\/author\/","identifier":1,"image":{"@type":"ImageObject","@id":"https:\/\/secure.gravatar.com\/avatar\/c61c2d82e330ff9c70cf023b4c62d411e8407bcb38f85df591fa270717754b44?s=96&d=mm&r=g","url":"https:\/\/secure.gravatar.com\/avatar\/c61c2d82e330ff9c70cf023b4c62d411e8407bcb38f85df591fa270717754b44?s=96&d=mm&r=g","height":96,"width":96}},"publisher":{"@type":"Organization","name":"marienbad-thc.cz","logo":{"@type":"ImageObject","@id":"\/logo.png","url":"\/logo.png","width":600,"height":60}},"image":{"@type":"ImageObject","@id":"https:\/\/www.marienbad-thc.cz\/wp-content\/uploads\/wedding-1868868_640_7.jpg","url":"https:\/\/www.marienbad-thc.cz\/wp-content\/uploads\/wedding-1868868_640_7.jpg","height":0,"width":0},"url":"https:\/\/www.marienbad-thc.cz\/budte-v-suchu\/","about":["Pen\u00edze"],"wordCount":442,"articleBody":"   Svatba je obrovsk\u00fd krok v \u017eivot\u011b ka\u017ed\u00e9ho \u010dlov\u011bka a tak je logick\u00e9, \u017ee si ji chce ka\u017ed\u00fd u\u017eit na maximum. V\u011bt\u0161ina p\u00e1r\u016f se p\u0159i pl\u00e1nov\u00e1n\u00ed svatby nech\u00e1v\u00e1 ovlivnit sou\u010dasn\u00fdmi trendy, kter\u00e9 jsou ka\u017ed\u00fd rok jin\u00e9. M\u011bn\u00ed se trendy ve v\u00fdrob\u011b, ka\u017ed\u00fd rok jsou v m\u00f3d\u011b jin\u00e9 \u0161aty a dokonce se m\u011bn\u00ed i trendy v dortech. Pokud tou\u017e\u00edte po opravdu modern\u00ed svatb\u011b podle nejnov\u011bj\u0161\u00edch trend\u016f, mus\u00edte je sledovat. Ide\u00e1ln\u00ed jsou v tomto sm\u011bru soci\u00e1ln\u00ed s\u00edt\u011b. Lid\u00e9, kte\u0159\u00ed se jak\u00fdmkoliv zp\u016fsobem pod\u00edlej\u00ed na p\u0159\u00edprav\u011b svateb moc dob\u0159e znaj\u00ed s\u00edlu soci\u00e1ln\u00edch s\u00edt\u00ed, a tak je vyu\u017e\u00edvaj\u00ed k prezentaci sv\u00e9 vlastn\u00ed firmy. V\u00ed, \u017ee snoubenci hledaj\u00ed inspiraci i dodavatele v\u0161ude. Tak\u017ee pr\u00e1v\u011b tam najdete spoustu inspirace, kter\u00e1 v\u00e1s m\u016f\u017ee nav\u00e9st spr\u00e1vn\u00fdm sm\u011brem.Jedn\u00edm z nejv\u011bt\u0161\u00edch trend\u016f posledn\u00ed doby jsou venkovn\u00ed svatby. D\u00e1vno u\u017e se lid\u00e9 neberou na radnici, v\u011bt\u0161ina p\u00e1r\u016f si chce sv\u016fj svatebn\u00ed den maxim\u00e1ln\u011b u\u017e\u00edt, a tak jej od r\u00e1na a\u017e do noci pro\u017e\u00edvaj\u00ed v kruhu rodiny a p\u0159\u00e1tel n\u011bkde na pronajat\u00e9m m\u00edst\u011b. V\u011bt\u0161inou je to n\u011bjak\u00fd zahradn\u00ed s\u00e1l nebo stodola, proto\u017ee pr\u00e1v\u011b tato dv\u011b m\u00edsta jsou velice vyhled\u00e1van\u00e1. Pozor, je nutn\u00e9 si m\u00edsto kv\u016fli zv\u00fd\u0161en\u00e9mu z\u00e1jmu zamluvit co nejd\u0159\u00edve.Nevy\u0161lo to? Cht\u011bli jste se vz\u00edt na hezk\u00e9m m\u00edst\u011b, ale trv\u00e1te na datu, kter\u00e9 je pro v\u00e1s d\u016fle\u017eit\u00e9? Abyste nemuseli svatbu o rok odkl\u00e1dat, m\u016f\u017eete se vz\u00edt hned. Sta\u010d\u00ed si pronajmout t\u0159eba kousek lesa nebo louky a m\u00edt tak svatbu pod \u0161ir\u00fdm nebem. I takov\u00e9 \u0159e\u0161en\u00ed je mo\u017en\u00e9. N\u011bkte\u0159\u00ed majitel\u00e9 t\u011bchto pozemk\u016f dokonce maj\u00ed i n\u011bjak\u00e9 z\u00e1zem\u00ed pr\u00e1v\u011b pro tyto p\u0159\u00edpady hned u m\u00edsta, kter\u00e1 si lid\u00e9 pronaj\u00edmaj\u00ed. A pokud by se v\u00e1m ani toto \u0159e\u0161en\u00ed nel\u00edbilo, co takhle svatba pod \u0161ir\u00fdm nebem, kam v\u00e1m p\u016fj\u010dovna p\u00e1rty stan\u016f v Brn\u011b https:\/\/www.partystanyaz.cz\/pronajem.html dod\u00e1 stany? I svatba ve stanu m\u016f\u017ee b\u00fdt kr\u00e1sn\u00e1, a mnoh\u00e9 p\u00e1ry po cel\u00e9m sv\u011bt\u011b maj\u00ed dokonce tento druh svatby jako prvn\u00ed volbu. Stan se p\u0159iprav\u00ed v\u010detn\u011b podlah a n\u00e1bytku, tak\u017ee v\u00e1s nevyru\u0161\u00ed ani \u0161patn\u00e9 po\u010das\u00ed.                                                                                                                                                                                                                                                                                                                                                                                                  "},{"@context":"https:\/\/schema.org\/","@type":"BreadcrumbList","itemListElement":[{"@type":"ListItem","position":1,"name":"Bu\u010fte v suchu","item":"https:\/\/www.marienbad-thc.cz\/budte-v-suchu\/#breadcrumbitem"}]}]