[{"@context":"https:\/\/schema.org\/","@type":"Article","@id":"https:\/\/www.marienbad-thc.cz\/auto-na-vypujceni\/#Article","mainEntityOfPage":"https:\/\/www.marienbad-thc.cz\/auto-na-vypujceni\/","headline":"Auto na vyp\u016fj\u010den\u00ed","name":"Auto na vyp\u016fj\u010den\u00ed","description":"Dlouhodob\u00fd pron\u00e1jem vozu v Autop\u016fj\u010dovna Praha Autopujcovna-milan m\u016f\u017ee b\u00fdt opravdu pro n\u011bkoho pohodln\u00fd, kdy\u017e n\u011bkdo nem\u00e1 automobil anebo jede n\u011bkam na dovolenou. Proto\u017ee si vzpom\u00edn\u00e1m, kdy\u017e moji rodi\u010de, kte\u0159\u00ed se p\u0159est\u011bhovali na del\u0161\u00ed dobu na Slovensko a ob\u010das p\u0159ijedou k n\u00e1m do \u010cesk\u00e9 republiky, tak tak\u00e9 vyu\u017e\u00edvaj\u00ed pr\u00e1v\u011b tuhle autop\u016fj\u010dovnu, proto\u017ee podle m\u00e9ho n\u00e1zoru je [&hellip;]","datePublished":"2023-09-25","dateModified":"2024-05-14","author":{"@type":"Person","@id":"https:\/\/www.marienbad-thc.cz\/author\/#Person","name":"marienbad-thc.cz\n","url":"https:\/\/www.marienbad-thc.cz\/author\/","identifier":1,"image":{"@type":"ImageObject","@id":"https:\/\/secure.gravatar.com\/avatar\/c61c2d82e330ff9c70cf023b4c62d411e8407bcb38f85df591fa270717754b44?s=96&d=mm&r=g","url":"https:\/\/secure.gravatar.com\/avatar\/c61c2d82e330ff9c70cf023b4c62d411e8407bcb38f85df591fa270717754b44?s=96&d=mm&r=g","height":96,"width":96}},"publisher":{"@type":"Organization","name":"marienbad-thc.cz","logo":{"@type":"ImageObject","@id":"\/logo.png","url":"\/logo.png","width":600,"height":60}},"image":{"@type":"ImageObject","@id":"https:\/\/www.marienbad-thc.cz\/wp-content\/uploads\/tokyo-5772125_1280.jpg","url":"https:\/\/www.marienbad-thc.cz\/wp-content\/uploads\/tokyo-5772125_1280.jpg","height":0,"width":0},"url":"https:\/\/www.marienbad-thc.cz\/auto-na-vypujceni\/","about":["Pen\u00edze"],"wordCount":422,"articleBody":"   Dlouhodob\u00fd pron\u00e1jem vozu v Autop\u016fj\u010dovna Praha Autopujcovna-milan m\u016f\u017ee b\u00fdt opravdu pro n\u011bkoho pohodln\u00fd, kdy\u017e n\u011bkdo nem\u00e1 automobil anebo jede n\u011bkam na dovolenou. Proto\u017ee si vzpom\u00edn\u00e1m, kdy\u017e moji rodi\u010de, kte\u0159\u00ed se p\u0159est\u011bhovali na del\u0161\u00ed dobu na Slovensko a ob\u010das p\u0159ijedou k n\u00e1m do \u010cesk\u00e9 republiky, tak tak\u00e9 vyu\u017e\u00edvaj\u00ed pr\u00e1v\u011b tuhle autop\u016fj\u010dovnu, proto\u017ee podle m\u00e9ho n\u00e1zoru je dlouhodob\u00fd pron\u00e1jem vozu z autop\u016fj\u010dovny v Praze m\u016f\u017ee b\u00fdt opravdu geni\u00e1ln\u00ed n\u00e1pad, proto\u017ee my s partnerem vlastn\u011b jenom jedno auto a nem\u00e1me moc pen\u011bz, abychom t\u0159eba druh\u00e9 po\u0159\u00eddili a auto p\u016fj\u010dili sv\u00fdm rodi\u010d\u016fm. Tak jsme r\u00e1di, \u017ee pr\u00e1v\u011b u n\u00e1s v Praze existuje na to autop\u016fj\u010dovna, kde si m\u016f\u017eete vyp\u016fj\u010dit automobil nejenom na jeden den, ale tak\u00e9 na v\u00edc dn\u00ed, tak\u017ee budete m\u00edt opravdu dlouhodob\u00fd pron\u00e1jem vozu. Nav\u00edc tak\u00e9 je skv\u011bl\u00e9, \u017ee tato autop\u016fj\u010dovna v Praze m\u00e1 skv\u011bl\u00e9 recenze a tak\u00e9 zn\u00e1m u\u017e n\u011bkolik lid\u00ed, kte\u0159\u00ed pr\u00e1v\u011b vyu\u017eili t\u011bchto slu\u017eeb, \u017ee si potom tak\u00e9 pronajali tento v\u016fz z Prahy. Moji rodi\u010de v\u017edycky vyu\u017e\u00edvaj\u00ed toho, \u017ee si nep\u016fj\u010duj\u00ed opravdu ten nejdra\u017e\u0161\u00ed automobil, ale v\u017edycky takov\u00e9 st\u0159edn\u00ed t\u0159\u00eddy, proto\u017ee moji rodi\u010de moc r\u00e1di cestuj\u00ed. Tak\u017ee kdy\u017e ze Slovenska p\u0159ijedou k n\u00e1m do \u010cesk\u00e9 republiky, tak nesed\u00ed jenom u n\u00e1s doma, ale v\u017edycky ihned druh\u00fd den po p\u0159\u00edjezdu jedou n\u011bkam na v\u00fdlet se pod\u00edvat po Praze, proto\u017ee moji rodi\u010de ze Slovenska opravdu maj\u00ed moc r\u00e1di Prahu. Tak\u017ee jsou r\u00e1di, \u017ee jsou tady r\u016fzn\u00e9 autop\u016fj\u010dovny anebo tak\u00e9 dal\u0161\u00ed obchody, kde si mohou v\u017edycky skv\u011ble nakoupit anebo n\u011bco zap\u016fj\u010dit. Moji rodi\u010de v\u017edycky nezapomenou tak\u00e9 na to, aby s d\u011btmi jeli do n\u011bjak\u00e9ho z\u00e1bavn\u00e9ho aquaparku, tak\u017ee jsou r\u00e1di, \u017ee si mohou vyp\u016fj\u010dit automobil, ani\u017e by se museli n\u011bkoho pt\u00e1t anebo po n\u011bkom nutn\u011b \u017e\u00e1dat automobil, aby n\u011bkam mohli jet. Proto\u017ee m\u016fj partner chod\u00ed do pr\u00e1ce, kde pot\u0159ebuje m\u00edt automobil st\u00e1le p\u0159i ruce, tak\u017ee na\u0161e auto rozhodn\u011b nep\u0159ipad\u00e1 bohu\u017eel v \u00favahu.                                                                                                                                                                                                                                                                                                                                                                                                   "},{"@context":"https:\/\/schema.org\/","@type":"BreadcrumbList","itemListElement":[{"@type":"ListItem","position":1,"name":"Auto na vyp\u016fj\u010den\u00ed","item":"https:\/\/www.marienbad-thc.cz\/auto-na-vypujceni\/#breadcrumbitem"}]}]